{"id":23499,"date":"2026-08-31T17:14:55","date_gmt":"2026-08-31T15:14:55","guid":{"rendered":"https:\/\/www.avatacar.com\/blog\/?p=23499"},"modified":"2026-08-31T17:14:55","modified_gmt":"2026-08-31T15:14:55","slug":"changement-de-vehicule-ou-de-profil-quand-et-comment-utiliser-un-comparateur-dassurance","status":"publish","type":"post","link":"https:\/\/www.avatacar.com\/blog\/legislation\/changement-de-vehicule-ou-de-profil-quand-et-comment-utiliser-un-comparateur-dassurance\/","title":{"rendered":"Changement de v\u00e9hicule ou de profil : quand et comment utiliser un comparateur d&rsquo;assurance ?"},"content":{"rendered":"<div  class='avia-slideshow av-mthdpbuh-dc5b6df4afe1242b61ca7ee17104801a avia-slideshow-no scaling av_slideshow avia-slide-slider  avia-builder-el-0  el_before_av_one_full  avia-builder-el-first  av-slideshow-ui av-control-default av-slideshow-manual av-loop-once av-loop-manual-endless av-default-height-applied avia-slideshow-1' data-slideshow-options=\"{&quot;animation&quot;:&quot;slide&quot;,&quot;autoplay&quot;:false,&quot;loop_autoplay&quot;:&quot;once&quot;,&quot;interval&quot;:5,&quot;loop_manual&quot;:&quot;manual-endless&quot;,&quot;autoplay_stopper&quot;:false,&quot;noNavigation&quot;:false,&quot;bg_slider&quot;:false,&quot;keep_padding&quot;:false,&quot;hoverpause&quot;:false,&quot;show_slide_delay&quot;:0}\"  itemprop=\"image\" itemscope=\"itemscope\" itemtype=\"https:\/\/schema.org\/ImageObject\" ><ul class='avia-slideshow-inner ' style='padding-bottom: 42.999289267946%;'><li  class='avia-slideshow-slide av-mthdpbuh-dc5b6df4afe1242b61ca7ee17104801a__0  av-single-slide slide-1 slide-odd'><div data-rel='slideshow-1' class='avia-slide-wrap '   ><div class='av-slideshow-caption av-mthdpbuh-dc5b6df4afe1242b61ca7ee17104801a__0 avia-caption'><div class=\"avia-inner-caption\"><h1 class='avia-caption-title '  itemprop=\"name\" >Changement de v\u00e9hicule ou de profil : quand et comment utiliser un comparateur d\u2019assurance ?<\/h1><\/div><\/div><img decoding=\"async\" fetchpriority=\"high\" class=\"wp-image-23501 avia-img-lazy-loading-not-23501\"  src=\"https:\/\/www.avatacar.com\/blog\/app\/uploads\/2026\/08\/Changement-de-vehicule-ou-de-profil-quand-et-comment-utiliser-un-comparateur-dassurance-1-1.jpg\" width=\"1407\" height=\"605\" title='Changement de v\u00e9hicule ou de profil quand et comment utiliser un comparateur d&#039;assurance' alt=''  itemprop=\"thumbnailUrl\" srcset=\"https:\/\/www.avatacar.com\/blog\/app\/uploads\/2026\/08\/Changement-de-vehicule-ou-de-profil-quand-et-comment-utiliser-un-comparateur-dassurance-1-1.jpg 1407w, https:\/\/www.avatacar.com\/blog\/app\/uploads\/2026\/08\/Changement-de-vehicule-ou-de-profil-quand-et-comment-utiliser-un-comparateur-dassurance-1-1-300x129.jpg 300w, https:\/\/www.avatacar.com\/blog\/app\/uploads\/2026\/08\/Changement-de-vehicule-ou-de-profil-quand-et-comment-utiliser-un-comparateur-dassurance-1-1-1030x443.jpg 1030w, https:\/\/www.avatacar.com\/blog\/app\/uploads\/2026\/08\/Changement-de-vehicule-ou-de-profil-quand-et-comment-utiliser-un-comparateur-dassurance-1-1-768x330.jpg 768w, https:\/\/www.avatacar.com\/blog\/app\/uploads\/2026\/08\/Changement-de-vehicule-ou-de-profil-quand-et-comment-utiliser-un-comparateur-dassurance-1-1-705x303.jpg 705w\" sizes=\"(max-width: 1407px) 100vw, 1407px\" \/><\/div><\/li><\/ul><\/div>\n<div  class='flex_column av-1rj0lz7-8631304a6951b1cbcac34fa6ffe28cf1 av_one_full  avia-builder-el-1  el_after_av_slideshow  el_before_av_section  avia-builder-el-last  first flex_column_div  '     ><section  class='av_textblock_section av-m24u2hcu-16f3b3d830b71de6058bddc18ccc273e '   itemscope=\"itemscope\" itemtype=\"https:\/\/schema.org\/BlogPosting\" itemprop=\"blogPost\" ><div class='avia_textblock'  itemprop=\"text\" ><p>On a tous ce r\u00e9flexe un peu machinal quand on ach\u00e8te une nouvelle voiture, on appelle son assureur habituel pour lui dire \u00ab c&rsquo;est bon, j&rsquo;ai chang\u00e9 de mod\u00e8le, transf\u00e9rez le contrat \u00bb. C\u2019est simple, c\u2019est rapide, mais c&rsquo;est rarement ce qu&rsquo;il y a de plus \u00e9conomique \ud83d\ude42<\/p>\n<p>Entre un changement de motorisation, une d\u00e9cote ou une prise de valeur, le tarif change. Pour faire le point sur vos options sans y passer des heures, l&rsquo;id\u00e9al reste le <a href=\"https:\/\/www.lelynx.fr\/assurance-auto\/\" target=\"_blank\" rel=\"noopener noreferrer\">comparateur assurance auto<\/a> afin de voir ce que propose r\u00e9ellement le march\u00e9 aujourd&rsquo;hui.<\/p>\n<h2>Le bon moment pour faire le point<\/h2>\n<p>Un changement de voiture, c&rsquo;est l&rsquo;occasion id\u00e9ale de r\u00e9ajuster votre protection. Mais ce n&rsquo;est pas le seul moment : un d\u00e9m\u00e9nagement ou un bonus qui grimpe modifient aussi la donne. D&rsquo;ailleurs, la r\u00e9glementation officielle sur <a href=\"https:\/\/www.service-public.gouv.fr\/particuliers\/vosdroits\/F2595\" target=\"_blank\" rel=\"noopener noreferrer\">Service-Public.fr<\/a> rappelle qu&rsquo;il est obligatoire de signaler certains changements de situation \u00e0 votre compagnie.<\/p>\n<p>Prendre le temps d&rsquo;analyser ces \u00e9volutions permet souvent d&rsquo;\u00e9viter les mauvaises surprises en cas de sinistre, tout en s&rsquo;assurant de ne pas payer pour des garanties devenues superflues au fil du temps. C&rsquo;est un petit geste de gestion qui p\u00e8se lourd sur l&rsquo;ann\u00e9e.<\/p>\n<p>Et si vous venez de craquer pour un mod\u00e8le d&rsquo;occasion, pensez \u00e0 jeter un \u0153il \u00e0 notre <a href=\"https:\/\/www.avatacar.com\/blog\/entretien-revision\/revision-pneus-freins-la-checklist-entretien-avant-dacheter-une-voiture-doccasion\/\" target=\"_blank\" rel=\"noopener noreferrer\">checklist entretien avant d&rsquo;acheter une voiture d&rsquo;occasion<\/a> pour anticiper tous vos frais futurs.<\/p>\n<h2>Le r\u00e9flexe malin pour votre budget<\/h2>\n<p>Plut\u00f4t que de multiplier les demandes de devis \u00e0 l&rsquo;aveugle, un comparateur fait le tri en quelques clics. Pour que ce soit vraiment efficace, gardez ces trois r\u00e8gles en t\u00eate :<\/p>\n<ol>\n<li data-list=\"bullet\">Ne bloquez pas seulement sur le prix : Regardez de pr\u00e8s le montant des franchises<\/li>\n<\/ol>\n<ol>\n<li data-list=\"bullet\">Cherchez les bonnes options : L&rsquo;assistance z\u00e9ro kilom\u00e8tre ou le v\u00e9hicule de relais changent tout en cas de p\u00e9pin<\/li>\n<\/ol>\n<ol>\n<li data-list=\"bullet\">Restez transparent : Omettre un petit ant\u00e9c\u00e9dent sur le formulaire ne vous rendra pas service si un incident survient<\/li>\n<\/ol>\n<p>Bref, avant de reconduire aveugl\u00e9ment votre contrat, prenez 5mn pour comparer. Votre portefeuille vous dira merci !<\/p>\n<\/div><\/section><\/div><\/div><\/div><\/div><!-- close content main div --><\/div><\/div>\n<style type=\"text\/css\" data-created_by=\"avia_inline_auto\" id=\"style-css-av-ln8wtvmt-161bcc491c753c45c7f0dcb9dcb449dc\">\n.avia-section.av-ln8wtvmt-161bcc491c753c45c7f0dcb9dcb449dc{\nbackground-color:#f2f2f2;\nbackground-image:unset;\n}\n<\/style>\n<div id='av_section_1'  class='avia-section av-ln8wtvmt-161bcc491c753c45c7f0dcb9dcb449dc main_color avia-section-default avia-no-border-styling  avia-builder-el-3  el_after_av_one_full  el_before_av_section  avia-bg-style-scroll container_wrap fullsize'  ><div class='container av-section-cont-open' ><div class='template-page content  av-content-full alpha units'><div class='post-entry post-entry-type-page post-entry-23499'><div class='entry-content-wrapper clearfix'>\n<div  class='flex_column av-2j2o75v-11baf09caf30cf02ded1cab77272a3c2 av_one_full  avia-builder-el-4  avia-builder-el-no-sibling  first flex_column_div  '     ><section  class='av_textblock_section av-ln8wt1nv-9c3fd7ae92979ebb625165595db82b0a '   itemscope=\"itemscope\" itemtype=\"https:\/\/schema.org\/BlogPosting\" itemprop=\"blogPost\" ><div class='avia_textblock'  itemprop=\"text\" ><h2><span style=\"font-size: 24px;\">Vous aimerez peut-\u00eatre &#8230;<\/span><\/h2>\n<\/div><\/section><br \/>\n<div  data-slideshow-options=\"{&quot;animation&quot;:&quot;fade&quot;,&quot;autoplay&quot;:false,&quot;loop_autoplay&quot;:&quot;once&quot;,&quot;interval&quot;:&quot;5&quot;,&quot;loop_manual&quot;:&quot;manual-endless&quot;,&quot;autoplay_stopper&quot;:false,&quot;noNavigation&quot;:false,&quot;show_slide_delay&quot;:90}\" class='avia-content-slider avia-content-slider-active avia-content-slider1 avia-content-slider-odd  avia-builder-el-6  el_after_av_textblock  avia-builder-el-last  av-slideshow-ui av-control-default   av-no-slider-navigation av-slideshow-manual av-loop-once av-loop-manual-endless '  itemscope=\"itemscope\" itemtype=\"https:\/\/schema.org\/Blog\" ><div class=\"avia-content-slider-inner\"><div class=\"slide-entry-wrap\"><article class='slide-entry flex_column  post-entry post-entry-23499 slide-entry-overview slide-loop-1 slide-parity-odd  av_one_third first real-thumbnail posttype-post post-format-standard'  itemscope=\"itemscope\" itemtype=\"https:\/\/schema.org\/BlogPosting\" itemprop=\"blogPost\" ><a href='https:\/\/www.avatacar.com\/blog\/legislation\/changement-de-vehicule-ou-de-profil-quand-et-comment-utiliser-un-comparateur-dassurance\/' data-rel='slide-1' class='slide-image' title='Changement de v\u00e9hicule ou de profil : quand et comment utiliser un comparateur d&rsquo;assurance ?'><img decoding=\"async\" fetchpriority=\"high\" width=\"495\" height=\"400\" src=\"https:\/\/www.avatacar.com\/blog\/app\/uploads\/2026\/08\/Changement-de-vehicule-ou-de-profil-quand-et-comment-utiliser-un-comparateur-dassurance-1-1-495x400.jpg\" class=\"wp-image-23501 avia-img-lazy-loading-not-23501 attachment-portfolio size-portfolio wp-post-image\" alt=\"\" \/><\/a><div class=\"slide-content\"><header class=\"entry-content-header\" aria-label=\"Slide: Changement de v\u00e9hicule ou de profil : quand et comment utiliser un comparateur d&#039;assurance ?\"><span class=\"blog-categories minor-meta\"><a href=\"https:\/\/www.avatacar.com\/blog\/category\/legislation\/\" rel=\"tag\">L\u00e9gislation<\/a> <\/span><h3 class='slide-entry-title entry-title '  itemprop=\"headline\" ><a href='https:\/\/www.avatacar.com\/blog\/legislation\/changement-de-vehicule-ou-de-profil-quand-et-comment-utiliser-un-comparateur-dassurance\/' title='Changement de v\u00e9hicule ou de profil : quand et comment utiliser un comparateur d&rsquo;assurance ?'>Changement de v\u00e9hicule ou de profil : quand et comment utiliser un comparateur d&rsquo;assurance ?<\/a><\/h3><span class=\"av-vertical-delimiter\"><\/span><\/header><\/div><footer class=\"entry-footer\"><\/footer><span class='hidden'>\n\t\t\t\t<span class='av-structured-data'  itemprop=\"image\" itemscope=\"itemscope\" itemtype=\"https:\/\/schema.org\/ImageObject\" >\n\t\t\t\t\t\t<span itemprop='url'>https:\/\/www.avatacar.com\/blog\/app\/uploads\/2026\/08\/Changement-de-vehicule-ou-de-profil-quand-et-comment-utiliser-un-comparateur-dassurance-1-1.jpg<\/span>\n\t\t\t\t\t\t<span itemprop='height'>605<\/span>\n\t\t\t\t\t\t<span itemprop='width'>1407<\/span>\n\t\t\t\t<\/span>\n\t\t\t\t<span class='av-structured-data'  itemprop=\"publisher\" itemtype=\"https:\/\/schema.org\/Organization\" itemscope=\"itemscope\" >\n\t\t\t\t\t\t<span itemprop='name'>Chlo\u00e9 d'Avatacar<\/span>\n\t\t\t\t\t\t<span itemprop='logo' itemscope itemtype='https:\/\/schema.org\/ImageObject'>\n\t\t\t\t\t\t\t<span itemprop='url'>https:\/\/www.avatacar.com\/blog\/app\/uploads\/2024\/07\/LogoBlog-300x138.jpg<\/span>\n\t\t\t\t\t\t<\/span>\n\t\t\t\t<\/span><span class='av-structured-data'  itemprop=\"author\" itemscope=\"itemscope\" itemtype=\"https:\/\/schema.org\/Person\" ><span itemprop='name'>Chlo\u00e9 d'Avatacar<\/span><\/span><span class='av-structured-data'  itemprop=\"datePublished\" datetime=\"2026-08-31T17:14:55+02:00\" >2026-08-31 17:14:55<\/span><span class='av-structured-data'  itemprop=\"dateModified\" itemtype=\"https:\/\/schema.org\/dateModified\" >2026-08-31 17:14:55<\/span><span class='av-structured-data'  itemprop=\"mainEntityOfPage\" itemtype=\"https:\/\/schema.org\/mainEntityOfPage\" ><span itemprop='name'>Changement de v\u00e9hicule ou de profil : quand et comment utiliser un comparateur d&rsquo;assurance ?<\/span><\/span><\/span><\/article><article class='slide-entry flex_column  post-entry post-entry-22817 slide-entry-overview slide-loop-2 slide-parity-even  av_one_third  real-thumbnail posttype-post post-format-standard'  itemscope=\"itemscope\" itemtype=\"https:\/\/schema.org\/BlogPosting\" itemprop=\"blogPost\" ><a href='https:\/\/www.avatacar.com\/blog\/legislation\/rouler-sans-assurance-quels-risques-et-quelles-sanctions-concretes\/' data-rel='slide-1' class='slide-image' title='Rouler sans assurance : quels risques et quelles sanctions concr\u00e8tes ?'><img decoding=\"async\" fetchpriority=\"high\" width=\"495\" height=\"400\" src=\"https:\/\/www.avatacar.com\/blog\/app\/uploads\/2026\/03\/controle_police_assurance-495x400.jpg\" class=\"wp-image-22818 avia-img-lazy-loading-not-22818 attachment-portfolio size-portfolio wp-post-image\" alt=\"\" srcset=\"https:\/\/www.avatacar.com\/blog\/app\/uploads\/2026\/03\/controle_police_assurance-495x400.jpg 495w, https:\/\/www.avatacar.com\/blog\/app\/uploads\/2026\/03\/controle_police_assurance-845x684.jpg 845w\" sizes=\"(max-width: 495px) 100vw, 495px\" \/><\/a><div class=\"slide-content\"><header class=\"entry-content-header\" aria-label=\"Slide: Rouler sans assurance : quels risques et quelles sanctions concr\u00e8tes ?\"><span class=\"blog-categories minor-meta\"><a href=\"https:\/\/www.avatacar.com\/blog\/category\/legislation\/\" rel=\"tag\">L\u00e9gislation<\/a> <\/span><h3 class='slide-entry-title entry-title '  itemprop=\"headline\" ><a href='https:\/\/www.avatacar.com\/blog\/legislation\/rouler-sans-assurance-quels-risques-et-quelles-sanctions-concretes\/' title='Rouler sans assurance : quels risques et quelles sanctions concr\u00e8tes ?'>Rouler sans assurance : quels risques et quelles sanctions concr\u00e8tes ?<\/a><\/h3><span class=\"av-vertical-delimiter\"><\/span><\/header><\/div><footer class=\"entry-footer\"><\/footer><span class='hidden'>\n\t\t\t\t<span class='av-structured-data'  itemprop=\"image\" itemscope=\"itemscope\" itemtype=\"https:\/\/schema.org\/ImageObject\" >\n\t\t\t\t\t\t<span itemprop='url'>https:\/\/www.avatacar.com\/blog\/app\/uploads\/2026\/03\/controle_police_assurance.jpg<\/span>\n\t\t\t\t\t\t<span itemprop='height'>767<\/span>\n\t\t\t\t\t\t<span itemprop='width'>1318<\/span>\n\t\t\t\t<\/span>\n\t\t\t\t<span class='av-structured-data'  itemprop=\"publisher\" itemtype=\"https:\/\/schema.org\/Organization\" itemscope=\"itemscope\" >\n\t\t\t\t\t\t<span itemprop='name'>Morgane<\/span>\n\t\t\t\t\t\t<span itemprop='logo' itemscope itemtype='https:\/\/schema.org\/ImageObject'>\n\t\t\t\t\t\t\t<span itemprop='url'>https:\/\/www.avatacar.com\/blog\/app\/uploads\/2024\/07\/LogoBlog-300x138.jpg<\/span>\n\t\t\t\t\t\t<\/span>\n\t\t\t\t<\/span><span class='av-structured-data'  itemprop=\"author\" itemscope=\"itemscope\" itemtype=\"https:\/\/schema.org\/Person\" ><span itemprop='name'>Morgane<\/span><\/span><span class='av-structured-data'  itemprop=\"datePublished\" datetime=\"2026-08-31T17:14:55+02:00\" >2026-03-20 09:30:35<\/span><span class='av-structured-data'  itemprop=\"dateModified\" itemtype=\"https:\/\/schema.org\/dateModified\" >2026-03-20 09:31:49<\/span><span class='av-structured-data'  itemprop=\"mainEntityOfPage\" itemtype=\"https:\/\/schema.org\/mainEntityOfPage\" ><span itemprop='name'>Rouler sans assurance : quels risques et quelles sanctions concr\u00e8tes ?<\/span><\/span><\/span><\/article><article class='slide-entry flex_column  post-entry post-entry-22216 slide-entry-overview slide-loop-3 slide-parity-odd  post-entry-last  av_one_third  real-thumbnail posttype-post post-format-standard'  itemscope=\"itemscope\" itemtype=\"https:\/\/schema.org\/BlogPosting\" itemprop=\"blogPost\" ><a href='https:\/\/www.avatacar.com\/blog\/legislation\/assurance-auto-pas-chere-mythe-ou-vraie-opportunite\/' data-rel='slide-1' class='slide-image' title='Assurance auto pas ch\u00e8re : mythe ou vraie opportunit\u00e9 ?'><img decoding=\"async\" fetchpriority=\"high\" width=\"495\" height=\"400\" src=\"https:\/\/www.avatacar.com\/blog\/app\/uploads\/2026\/02\/avat-blog-pic-495x400.png\" class=\"wp-image-22217 avia-img-lazy-loading-not-22217 attachment-portfolio size-portfolio wp-post-image\" alt=\"\" srcset=\"https:\/\/www.avatacar.com\/blog\/app\/uploads\/2026\/02\/avat-blog-pic-495x400.png 495w, https:\/\/www.avatacar.com\/blog\/app\/uploads\/2026\/02\/avat-blog-pic-845x684.png 845w\" sizes=\"(max-width: 495px) 100vw, 495px\" \/><\/a><div class=\"slide-content\"><header class=\"entry-content-header\" aria-label=\"Slide: Assurance auto pas ch\u00e8re : mythe ou vraie opportunit\u00e9 ?\"><span class=\"blog-categories minor-meta\"><a href=\"https:\/\/www.avatacar.com\/blog\/category\/legislation\/\" rel=\"tag\">L\u00e9gislation<\/a> <\/span><h3 class='slide-entry-title entry-title '  itemprop=\"headline\" ><a href='https:\/\/www.avatacar.com\/blog\/legislation\/assurance-auto-pas-chere-mythe-ou-vraie-opportunite\/' title='Assurance auto pas ch\u00e8re : mythe ou vraie opportunit\u00e9 ?'>Assurance auto pas ch\u00e8re : mythe ou vraie opportunit\u00e9 ?<\/a><\/h3><span class=\"av-vertical-delimiter\"><\/span><\/header><\/div><footer class=\"entry-footer\"><\/footer><span class='hidden'>\n\t\t\t\t<span class='av-structured-data'  itemprop=\"image\" itemscope=\"itemscope\" itemtype=\"https:\/\/schema.org\/ImageObject\" >\n\t\t\t\t\t\t<span itemprop='url'>https:\/\/www.avatacar.com\/blog\/app\/uploads\/2026\/02\/avat-blog-pic-scaled.png<\/span>\n\t\t\t\t\t\t<span itemprop='height'>1396<\/span>\n\t\t\t\t\t\t<span itemprop='width'>2560<\/span>\n\t\t\t\t<\/span>\n\t\t\t\t<span class='av-structured-data'  itemprop=\"publisher\" itemtype=\"https:\/\/schema.org\/Organization\" itemscope=\"itemscope\" >\n\t\t\t\t\t\t<span itemprop='name'>Joe Croft<\/span>\n\t\t\t\t\t\t<span itemprop='logo' itemscope itemtype='https:\/\/schema.org\/ImageObject'>\n\t\t\t\t\t\t\t<span itemprop='url'>https:\/\/www.avatacar.com\/blog\/app\/uploads\/2024\/07\/LogoBlog-300x138.jpg<\/span>\n\t\t\t\t\t\t<\/span>\n\t\t\t\t<\/span><span class='av-structured-data'  itemprop=\"author\" itemscope=\"itemscope\" itemtype=\"https:\/\/schema.org\/Person\" ><span itemprop='name'>Joe Croft<\/span><\/span><span class='av-structured-data'  itemprop=\"datePublished\" datetime=\"2026-08-31T17:14:55+02:00\" >2026-02-24 17:49:14<\/span><span class='av-structured-data'  itemprop=\"dateModified\" itemtype=\"https:\/\/schema.org\/dateModified\" >2026-03-20 09:32:25<\/span><span class='av-structured-data'  itemprop=\"mainEntityOfPage\" itemtype=\"https:\/\/schema.org\/mainEntityOfPage\" ><span itemprop='name'>Assurance auto pas ch\u00e8re : mythe ou vraie opportunit\u00e9 ?<\/span><\/span><\/span><\/article><\/div><\/div><\/div><\/p><\/div><\/div><\/div><\/div><!-- close content main div --><\/div><\/div><div id='av_section_2'  class='avia-section av-284ldur-88b6a0566c3c944b8c08fca238777319 main_color avia-section-default avia-no-border-styling  avia-builder-el-7  el_after_av_section  avia-builder-el-last  avia-bg-style-scroll container_wrap fullsize'  ><div class='container av-section-cont-open' ><div class='template-page content  av-content-full alpha units'><div class='post-entry post-entry-type-page post-entry-23499'><div class='entry-content-wrapper clearfix'>\n<section  class='av_textblock_section av-ln8wuoq7-f47696959eec5689feffcec173f5dc0e '   itemscope=\"itemscope\" itemtype=\"https:\/\/schema.org\/BlogPosting\" itemprop=\"blogPost\" ><div class='avia_textblock'  itemprop=\"text\" ><p><span style=\"font-size: 24px;\">\u00c0 propos de l&rsquo;auteur<\/span><\/p>\n<\/div><\/section>\n<div  class='flex_column av-1t33n5v-3d37ff7f12d8159e033a6e6f380d7833 av_one_fifth  avia-builder-el-9  el_after_av_textblock  el_before_av_four_fifth  first flex_column_div  column-top-margin'     ><style type=\"text\/css\" data-created_by=\"avia_inline_auto\" id=\"style-css-av-ln8wvtbb-13782013241b09f963560745e8e6884d\">\n.avia-image-container.av-ln8wvtbb-13782013241b09f963560745e8e6884d img.avia_image{\nbox-shadow:none;\n}\n.avia-image-container.av-ln8wvtbb-13782013241b09f963560745e8e6884d .av-image-caption-overlay-center{\ncolor:#ffffff;\n}\n<\/style>\n<div  class='avia-image-container av-ln8wvtbb-13782013241b09f963560745e8e6884d av-styling- avia-align-center  avia-builder-el-10  avia-builder-el-no-sibling '   itemprop=\"image\" itemscope=\"itemscope\" itemtype=\"https:\/\/schema.org\/ImageObject\" ><div class=\"avia-image-container-inner\"><div class=\"avia-image-overlay-wrap\"><img decoding=\"async\" fetchpriority=\"high\" class='wp-image-14260 avia-img-lazy-loading-not-14260 avia_image ' src=\"https:\/\/www.avatacar.com\/blog\/app\/uploads\/2022\/11\/ChloeAvatacar.jpg\" alt='Chlo\u00e9 d&#039;Avatacar' title='ChloeAvatacar'  height=\"601\" width=\"601\"  itemprop=\"thumbnailUrl\" srcset=\"https:\/\/www.avatacar.com\/blog\/app\/uploads\/2022\/11\/ChloeAvatacar.jpg 601w, https:\/\/www.avatacar.com\/blog\/app\/uploads\/2022\/11\/ChloeAvatacar-300x300.jpg 300w, https:\/\/www.avatacar.com\/blog\/app\/uploads\/2022\/11\/ChloeAvatacar-80x80.jpg 80w, https:\/\/www.avatacar.com\/blog\/app\/uploads\/2022\/11\/ChloeAvatacar-36x36.jpg 36w, https:\/\/www.avatacar.com\/blog\/app\/uploads\/2022\/11\/ChloeAvatacar-180x180.jpg 180w\" sizes=\"(max-width: 601px) 100vw, 601px\" \/><\/div><\/div><\/div><\/div><div  class='flex_column av-13jb2oz-c2753f728524fb529017c80466b9768f av_four_fifth  avia-builder-el-11  el_after_av_one_fifth  avia-builder-el-last  flex_column_div  column-top-margin'     ><section  class='av_textblock_section av-ln8ww6ol-fda2ca944dcab4dec840601bc21b2780 '   itemscope=\"itemscope\" itemtype=\"https:\/\/schema.org\/BlogPosting\" itemprop=\"blogPost\" ><div class='avia_textblock'  itemprop=\"text\" ><p><strong>Chlo\u00e9 d&rsquo;Avatacar<\/strong><br \/>\nPassionn\u00e9e par le monde automobile, Chlo\u00e9 partage avec vous les principales actus auto, toutes les nouvelles informations qui peuvent toucher de pr\u00e8s ou de loin les conducteurs et des articles d\u00e9di\u00e9s \u00e0 l&rsquo;entretien de votre voiture pour apprendre de mani\u00e8re simple son fonctionnement ! Bonne lecture ?<\/p>\n<\/div><\/section><\/div>\n\n","protected":false},"excerpt":{"rendered":"<p>On a tous ce r\u00e9flexe un peu machinal quand on ach\u00e8te une nouvelle voiture, on appelle son assureur habituel pour lui dire \u00ab c&rsquo;est bon, j&rsquo;ai chang\u00e9 de mod\u00e8le, transf\u00e9rez le contrat \u00bb.<\/p>\n","protected":false},"author":3,"featured_media":23501,"comment_status":"open","ping_status":"closed","sticky":false,"template":"","format":"standard","meta":{"footnotes":""},"categories":[1098],"tags":[],"class_list":["post-23499","post","type-post","status-publish","format-standard","has-post-thumbnail","hentry","category-legislation"],"yoast_head":"<!-- This site is optimized with the Yoast SEO plugin v27.4 - https:\/\/yoast.com\/product\/yoast-seo-wordpress\/ -->\n<title>Changement de v\u00e9hicule ou de profil : quand et comment utiliser un comparateur d&#039;assurance ?<\/title>\n<meta name=\"description\" content=\"On a tous ce r\u00e9flexe un peu machinal quand on ach\u00e8te une nouvelle voiture, on appelle son assureur habituel pour lui dire \u00ab c&#039;est bon, j&#039;ai chang\u00e9 de mod\u00e8le, transf\u00e9rez le contrat \u00bb.\" \/>\n<meta name=\"robots\" content=\"index, follow, max-snippet:-1, max-image-preview:large, max-video-preview:-1\" \/>\n<link rel=\"canonical\" href=\"https:\/\/www.avatacar.com\/blog\/legislation\/changement-de-vehicule-ou-de-profil-quand-et-comment-utiliser-un-comparateur-dassurance\/\" \/>\n<meta property=\"og:locale\" content=\"fr_FR\" \/>\n<meta property=\"og:type\" content=\"article\" \/>\n<meta property=\"og:title\" content=\"Comprendre les voyants du tableau de bord de son v\u00e9hicule\" \/>\n<meta property=\"og:description\" content=\"Les voyants de votre tableau de bord sont nombreux et vari\u00e9s et il peut arriver que nous ne connaissions pas leur signification. Explication avec Avatacar\" \/>\n<meta property=\"og:url\" content=\"https:\/\/www.avatacar.com\/blog\/legislation\/changement-de-vehicule-ou-de-profil-quand-et-comment-utiliser-un-comparateur-dassurance\/\" \/>\n<meta property=\"og:site_name\" content=\"Blog Avatacar\" \/>\n<meta property=\"article:publisher\" content=\"https:\/\/www.facebook.com\/Avatacar\" \/>\n<meta property=\"article:published_time\" content=\"2026-08-31T15:14:55+00:00\" \/>\n<meta property=\"og:image\" content=\"https:\/\/www.avatacar.com\/blog\/app\/uploads\/2021\/09\/Voyants-voiture.png\" \/>\n\t<meta property=\"og:image:width\" content=\"1200\" \/>\n\t<meta property=\"og:image:height\" content=\"630\" \/>\n\t<meta property=\"og:image:type\" content=\"image\/png\" \/>\n<meta name=\"author\" content=\"Chlo\u00e9 d&#039;Avatacar\" \/>\n<meta name=\"twitter:card\" content=\"summary_large_image\" \/>\n<meta name=\"twitter:title\" content=\"Comprendre les voyants du tableau de bord de son v\u00e9hicule\" \/>\n<meta name=\"twitter:description\" content=\"Les voyants de votre tableau de bord sont nombreux et vari\u00e9s et il peut arriver que nous ne connaissions pas leur signification. Explication avec Avatacar\" \/>\n<meta name=\"twitter:image\" content=\"https:\/\/www.avatacar.com\/blog\/app\/uploads\/2021\/09\/Voyants-voiture-2.png\" \/>\n<meta name=\"twitter:creator\" content=\"@avatacar\" \/>\n<meta name=\"twitter:site\" content=\"@avatacar\" \/>\n<meta name=\"twitter:label1\" content=\"\u00c9crit par\" \/>\n\t<meta name=\"twitter:data1\" content=\"Chlo\u00e9 d&#039;Avatacar\" \/>\n\t<meta name=\"twitter:label2\" content=\"Dur\u00e9e de lecture estim\u00e9e\" \/>\n\t<meta name=\"twitter:data2\" content=\"4 minutes\" \/>\n<script type=\"application\/ld+json\" class=\"yoast-schema-graph\">{\"@context\":\"https:\\\/\\\/schema.org\",\"@graph\":[{\"@type\":\"Article\",\"@id\":\"https:\\\/\\\/www.avatacar.com\\\/blog\\\/legislation\\\/changement-de-vehicule-ou-de-profil-quand-et-comment-utiliser-un-comparateur-dassurance\\\/#article\",\"isPartOf\":{\"@id\":\"https:\\\/\\\/www.avatacar.com\\\/blog\\\/legislation\\\/changement-de-vehicule-ou-de-profil-quand-et-comment-utiliser-un-comparateur-dassurance\\\/\"},\"author\":{\"name\":\"Chlo\u00e9 d'Avatacar\",\"@id\":\"https:\\\/\\\/www.avatacar.com\\\/blog\\\/#\\\/schema\\\/person\\\/1ad08c36bf2f723a7f4e62401e91b914\"},\"headline\":\"Changement de v\u00e9hicule ou de profil : quand et comment utiliser un comparateur d&rsquo;assurance ?\",\"datePublished\":\"2026-08-31T15:14:55+00:00\",\"mainEntityOfPage\":{\"@id\":\"https:\\\/\\\/www.avatacar.com\\\/blog\\\/legislation\\\/changement-de-vehicule-ou-de-profil-quand-et-comment-utiliser-un-comparateur-dassurance\\\/\"},\"wordCount\":2819,\"commentCount\":0,\"publisher\":{\"@id\":\"https:\\\/\\\/www.avatacar.com\\\/blog\\\/#organization\"},\"image\":{\"@id\":\"https:\\\/\\\/www.avatacar.com\\\/blog\\\/legislation\\\/changement-de-vehicule-ou-de-profil-quand-et-comment-utiliser-un-comparateur-dassurance\\\/#primaryimage\"},\"thumbnailUrl\":\"https:\\\/\\\/www.avatacar.com\\\/blog\\\/app\\\/uploads\\\/2026\\\/08\\\/Changement-de-vehicule-ou-de-profil-quand-et-comment-utiliser-un-comparateur-dassurance-1-1.jpg\",\"articleSection\":[\"L\u00e9gislation\"],\"inLanguage\":\"fr-FR\",\"potentialAction\":[{\"@type\":\"CommentAction\",\"name\":\"Comment\",\"target\":[\"https:\\\/\\\/www.avatacar.com\\\/blog\\\/legislation\\\/changement-de-vehicule-ou-de-profil-quand-et-comment-utiliser-un-comparateur-dassurance\\\/#respond\"]}]},{\"@type\":\"WebPage\",\"@id\":\"https:\\\/\\\/www.avatacar.com\\\/blog\\\/legislation\\\/changement-de-vehicule-ou-de-profil-quand-et-comment-utiliser-un-comparateur-dassurance\\\/\",\"url\":\"https:\\\/\\\/www.avatacar.com\\\/blog\\\/legislation\\\/changement-de-vehicule-ou-de-profil-quand-et-comment-utiliser-un-comparateur-dassurance\\\/\",\"name\":\"Changement de v\u00e9hicule ou de profil : quand et comment utiliser un comparateur d'assurance ?\",\"isPartOf\":{\"@id\":\"https:\\\/\\\/www.avatacar.com\\\/blog\\\/#website\"},\"primaryImageOfPage\":{\"@id\":\"https:\\\/\\\/www.avatacar.com\\\/blog\\\/legislation\\\/changement-de-vehicule-ou-de-profil-quand-et-comment-utiliser-un-comparateur-dassurance\\\/#primaryimage\"},\"image\":{\"@id\":\"https:\\\/\\\/www.avatacar.com\\\/blog\\\/legislation\\\/changement-de-vehicule-ou-de-profil-quand-et-comment-utiliser-un-comparateur-dassurance\\\/#primaryimage\"},\"thumbnailUrl\":\"https:\\\/\\\/www.avatacar.com\\\/blog\\\/app\\\/uploads\\\/2026\\\/08\\\/Changement-de-vehicule-ou-de-profil-quand-et-comment-utiliser-un-comparateur-dassurance-1-1.jpg\",\"datePublished\":\"2026-08-31T15:14:55+00:00\",\"description\":\"On a tous ce r\u00e9flexe un peu machinal quand on ach\u00e8te une nouvelle voiture, on appelle son assureur habituel pour lui dire \u00ab c'est bon, j'ai chang\u00e9 de mod\u00e8le, transf\u00e9rez le contrat \u00bb.\",\"breadcrumb\":{\"@id\":\"https:\\\/\\\/www.avatacar.com\\\/blog\\\/legislation\\\/changement-de-vehicule-ou-de-profil-quand-et-comment-utiliser-un-comparateur-dassurance\\\/#breadcrumb\"},\"inLanguage\":\"fr-FR\",\"potentialAction\":[{\"@type\":\"ReadAction\",\"target\":[\"https:\\\/\\\/www.avatacar.com\\\/blog\\\/legislation\\\/changement-de-vehicule-ou-de-profil-quand-et-comment-utiliser-un-comparateur-dassurance\\\/\"]}]},{\"@type\":\"ImageObject\",\"inLanguage\":\"fr-FR\",\"@id\":\"https:\\\/\\\/www.avatacar.com\\\/blog\\\/legislation\\\/changement-de-vehicule-ou-de-profil-quand-et-comment-utiliser-un-comparateur-dassurance\\\/#primaryimage\",\"url\":\"https:\\\/\\\/www.avatacar.com\\\/blog\\\/app\\\/uploads\\\/2026\\\/08\\\/Changement-de-vehicule-ou-de-profil-quand-et-comment-utiliser-un-comparateur-dassurance-1-1.jpg\",\"contentUrl\":\"https:\\\/\\\/www.avatacar.com\\\/blog\\\/app\\\/uploads\\\/2026\\\/08\\\/Changement-de-vehicule-ou-de-profil-quand-et-comment-utiliser-un-comparateur-dassurance-1-1.jpg\",\"width\":1407,\"height\":605},{\"@type\":\"BreadcrumbList\",\"@id\":\"https:\\\/\\\/www.avatacar.com\\\/blog\\\/legislation\\\/changement-de-vehicule-ou-de-profil-quand-et-comment-utiliser-un-comparateur-dassurance\\\/#breadcrumb\",\"itemListElement\":[{\"@type\":\"ListItem\",\"position\":1,\"name\":\"Accueil\",\"item\":\"https:\\\/\\\/www.avatacar.com\\\/blog\\\/home\\\/\"},{\"@type\":\"ListItem\",\"position\":2,\"name\":\"L\u00e9gislation\",\"item\":\"https:\\\/\\\/www.avatacar.com\\\/blog\\\/category\\\/legislation\\\/\"},{\"@type\":\"ListItem\",\"position\":3,\"name\":\"Changement de v\u00e9hicule ou de profil : quand et comment utiliser un comparateur d&rsquo;assurance ?\"}]},{\"@type\":\"WebSite\",\"@id\":\"https:\\\/\\\/www.avatacar.com\\\/blog\\\/#website\",\"url\":\"https:\\\/\\\/www.avatacar.com\\\/blog\\\/\",\"name\":\"Blog Avatacar\",\"description\":\"Les garages proches de vous\",\"publisher\":{\"@id\":\"https:\\\/\\\/www.avatacar.com\\\/blog\\\/#organization\"},\"potentialAction\":[{\"@type\":\"SearchAction\",\"target\":{\"@type\":\"EntryPoint\",\"urlTemplate\":\"https:\\\/\\\/www.avatacar.com\\\/blog\\\/?s={search_term_string}\"},\"query-input\":{\"@type\":\"PropertyValueSpecification\",\"valueRequired\":true,\"valueName\":\"search_term_string\"}}],\"inLanguage\":\"fr-FR\"},{\"@type\":\"Organization\",\"@id\":\"https:\\\/\\\/www.avatacar.com\\\/blog\\\/#organization\",\"name\":\"Avatacar\",\"url\":\"https:\\\/\\\/www.avatacar.com\\\/blog\\\/\",\"logo\":{\"@type\":\"ImageObject\",\"inLanguage\":\"fr-FR\",\"@id\":\"https:\\\/\\\/www.avatacar.com\\\/blog\\\/#\\\/schema\\\/logo\\\/image\\\/\",\"url\":\"https:\\\/\\\/www.avatacar.com\\\/blog\\\/app\\\/uploads\\\/2026\\\/03\\\/LogoAvatacar2024.jpg\",\"contentUrl\":\"https:\\\/\\\/www.avatacar.com\\\/blog\\\/app\\\/uploads\\\/2026\\\/03\\\/LogoAvatacar2024.jpg\",\"width\":1452,\"height\":613,\"caption\":\"Avatacar\"},\"image\":{\"@id\":\"https:\\\/\\\/www.avatacar.com\\\/blog\\\/#\\\/schema\\\/logo\\\/image\\\/\"},\"sameAs\":[\"https:\\\/\\\/www.facebook.com\\\/Avatacar\",\"https:\\\/\\\/x.com\\\/avatacar\",\"https:\\\/\\\/www.instagram.com\\\/avatacar\\\/\"]},{\"@type\":\"Person\",\"@id\":\"https:\\\/\\\/www.avatacar.com\\\/blog\\\/#\\\/schema\\\/person\\\/1ad08c36bf2f723a7f4e62401e91b914\",\"name\":\"Chlo\u00e9 d'Avatacar\",\"image\":{\"@type\":\"ImageObject\",\"inLanguage\":\"fr-FR\",\"@id\":\"https:\\\/\\\/secure.gravatar.com\\\/avatar\\\/cddaacc7de2f6034a370fcaeab7780a121e734def73f55a81f621c02b5d29252?s=96&d=blank&r=g\",\"url\":\"https:\\\/\\\/secure.gravatar.com\\\/avatar\\\/cddaacc7de2f6034a370fcaeab7780a121e734def73f55a81f621c02b5d29252?s=96&d=blank&r=g\",\"contentUrl\":\"https:\\\/\\\/secure.gravatar.com\\\/avatar\\\/cddaacc7de2f6034a370fcaeab7780a121e734def73f55a81f621c02b5d29252?s=96&d=blank&r=g\",\"caption\":\"Chlo\u00e9 d'Avatacar\"},\"description\":\"Passionn\u00e9e par le monde automobile, Chlo\u00e9 partage avec vous les principales actus auto, toutes les nouvelles informations qui peuvent toucher de pr\u00e8s ou de loin les conducteurs et des articles d\u00e9di\u00e9s \u00e0 l'entretien de votre voiture pour apprendre de mani\u00e8re simple son fonctionnement ! Bonne lecture ;)\"}]}<\/script>\n<!-- \/ Yoast SEO plugin. -->","yoast_head_json":{"title":"Changement de v\u00e9hicule ou de profil : quand et comment utiliser un comparateur d'assurance ?","description":"On a tous ce r\u00e9flexe un peu machinal quand on ach\u00e8te une nouvelle voiture, on appelle son assureur habituel pour lui dire \u00ab c'est bon, j'ai chang\u00e9 de mod\u00e8le, transf\u00e9rez le contrat \u00bb.","robots":{"index":"index","follow":"follow","max-snippet":"max-snippet:-1","max-image-preview":"max-image-preview:large","max-video-preview":"max-video-preview:-1"},"canonical":"https:\/\/www.avatacar.com\/blog\/legislation\/changement-de-vehicule-ou-de-profil-quand-et-comment-utiliser-un-comparateur-dassurance\/","og_locale":"fr_FR","og_type":"article","og_title":"Comprendre les voyants du tableau de bord de son v\u00e9hicule","og_description":"Les voyants de votre tableau de bord sont nombreux et vari\u00e9s et il peut arriver que nous ne connaissions pas leur signification. Explication avec Avatacar","og_url":"https:\/\/www.avatacar.com\/blog\/legislation\/changement-de-vehicule-ou-de-profil-quand-et-comment-utiliser-un-comparateur-dassurance\/","og_site_name":"Blog Avatacar","article_publisher":"https:\/\/www.facebook.com\/Avatacar","article_published_time":"2026-08-31T15:14:55+00:00","og_image":[{"width":1200,"height":630,"url":"https:\/\/www.avatacar.com\/blog\/app\/uploads\/2021\/09\/Voyants-voiture.png","type":"image\/png"}],"author":"Chlo\u00e9 d'Avatacar","twitter_card":"summary_large_image","twitter_title":"Comprendre les voyants du tableau de bord de son v\u00e9hicule","twitter_description":"Les voyants de votre tableau de bord sont nombreux et vari\u00e9s et il peut arriver que nous ne connaissions pas leur signification. Explication avec Avatacar","twitter_image":"https:\/\/www.avatacar.com\/blog\/app\/uploads\/2021\/09\/Voyants-voiture-2.png","twitter_creator":"@avatacar","twitter_site":"@avatacar","twitter_misc":{"\u00c9crit par":"Chlo\u00e9 d'Avatacar","Dur\u00e9e de lecture estim\u00e9e":"4 minutes"},"schema":{"@context":"https:\/\/schema.org","@graph":[{"@type":"Article","@id":"https:\/\/www.avatacar.com\/blog\/legislation\/changement-de-vehicule-ou-de-profil-quand-et-comment-utiliser-un-comparateur-dassurance\/#article","isPartOf":{"@id":"https:\/\/www.avatacar.com\/blog\/legislation\/changement-de-vehicule-ou-de-profil-quand-et-comment-utiliser-un-comparateur-dassurance\/"},"author":{"name":"Chlo\u00e9 d'Avatacar","@id":"https:\/\/www.avatacar.com\/blog\/#\/schema\/person\/1ad08c36bf2f723a7f4e62401e91b914"},"headline":"Changement de v\u00e9hicule ou de profil : quand et comment utiliser un comparateur d&rsquo;assurance ?","datePublished":"2026-08-31T15:14:55+00:00","mainEntityOfPage":{"@id":"https:\/\/www.avatacar.com\/blog\/legislation\/changement-de-vehicule-ou-de-profil-quand-et-comment-utiliser-un-comparateur-dassurance\/"},"wordCount":2819,"commentCount":0,"publisher":{"@id":"https:\/\/www.avatacar.com\/blog\/#organization"},"image":{"@id":"https:\/\/www.avatacar.com\/blog\/legislation\/changement-de-vehicule-ou-de-profil-quand-et-comment-utiliser-un-comparateur-dassurance\/#primaryimage"},"thumbnailUrl":"https:\/\/www.avatacar.com\/blog\/app\/uploads\/2026\/08\/Changement-de-vehicule-ou-de-profil-quand-et-comment-utiliser-un-comparateur-dassurance-1-1.jpg","articleSection":["L\u00e9gislation"],"inLanguage":"fr-FR","potentialAction":[{"@type":"CommentAction","name":"Comment","target":["https:\/\/www.avatacar.com\/blog\/legislation\/changement-de-vehicule-ou-de-profil-quand-et-comment-utiliser-un-comparateur-dassurance\/#respond"]}]},{"@type":"WebPage","@id":"https:\/\/www.avatacar.com\/blog\/legislation\/changement-de-vehicule-ou-de-profil-quand-et-comment-utiliser-un-comparateur-dassurance\/","url":"https:\/\/www.avatacar.com\/blog\/legislation\/changement-de-vehicule-ou-de-profil-quand-et-comment-utiliser-un-comparateur-dassurance\/","name":"Changement de v\u00e9hicule ou de profil : quand et comment utiliser un comparateur d'assurance ?","isPartOf":{"@id":"https:\/\/www.avatacar.com\/blog\/#website"},"primaryImageOfPage":{"@id":"https:\/\/www.avatacar.com\/blog\/legislation\/changement-de-vehicule-ou-de-profil-quand-et-comment-utiliser-un-comparateur-dassurance\/#primaryimage"},"image":{"@id":"https:\/\/www.avatacar.com\/blog\/legislation\/changement-de-vehicule-ou-de-profil-quand-et-comment-utiliser-un-comparateur-dassurance\/#primaryimage"},"thumbnailUrl":"https:\/\/www.avatacar.com\/blog\/app\/uploads\/2026\/08\/Changement-de-vehicule-ou-de-profil-quand-et-comment-utiliser-un-comparateur-dassurance-1-1.jpg","datePublished":"2026-08-31T15:14:55+00:00","description":"On a tous ce r\u00e9flexe un peu machinal quand on ach\u00e8te une nouvelle voiture, on appelle son assureur habituel pour lui dire \u00ab c'est bon, j'ai chang\u00e9 de mod\u00e8le, transf\u00e9rez le contrat \u00bb.","breadcrumb":{"@id":"https:\/\/www.avatacar.com\/blog\/legislation\/changement-de-vehicule-ou-de-profil-quand-et-comment-utiliser-un-comparateur-dassurance\/#breadcrumb"},"inLanguage":"fr-FR","potentialAction":[{"@type":"ReadAction","target":["https:\/\/www.avatacar.com\/blog\/legislation\/changement-de-vehicule-ou-de-profil-quand-et-comment-utiliser-un-comparateur-dassurance\/"]}]},{"@type":"ImageObject","inLanguage":"fr-FR","@id":"https:\/\/www.avatacar.com\/blog\/legislation\/changement-de-vehicule-ou-de-profil-quand-et-comment-utiliser-un-comparateur-dassurance\/#primaryimage","url":"https:\/\/www.avatacar.com\/blog\/app\/uploads\/2026\/08\/Changement-de-vehicule-ou-de-profil-quand-et-comment-utiliser-un-comparateur-dassurance-1-1.jpg","contentUrl":"https:\/\/www.avatacar.com\/blog\/app\/uploads\/2026\/08\/Changement-de-vehicule-ou-de-profil-quand-et-comment-utiliser-un-comparateur-dassurance-1-1.jpg","width":1407,"height":605},{"@type":"BreadcrumbList","@id":"https:\/\/www.avatacar.com\/blog\/legislation\/changement-de-vehicule-ou-de-profil-quand-et-comment-utiliser-un-comparateur-dassurance\/#breadcrumb","itemListElement":[{"@type":"ListItem","position":1,"name":"Accueil","item":"https:\/\/www.avatacar.com\/blog\/home\/"},{"@type":"ListItem","position":2,"name":"L\u00e9gislation","item":"https:\/\/www.avatacar.com\/blog\/category\/legislation\/"},{"@type":"ListItem","position":3,"name":"Changement de v\u00e9hicule ou de profil : quand et comment utiliser un comparateur d&rsquo;assurance ?"}]},{"@type":"WebSite","@id":"https:\/\/www.avatacar.com\/blog\/#website","url":"https:\/\/www.avatacar.com\/blog\/","name":"Blog Avatacar","description":"Les garages proches de vous","publisher":{"@id":"https:\/\/www.avatacar.com\/blog\/#organization"},"potentialAction":[{"@type":"SearchAction","target":{"@type":"EntryPoint","urlTemplate":"https:\/\/www.avatacar.com\/blog\/?s={search_term_string}"},"query-input":{"@type":"PropertyValueSpecification","valueRequired":true,"valueName":"search_term_string"}}],"inLanguage":"fr-FR"},{"@type":"Organization","@id":"https:\/\/www.avatacar.com\/blog\/#organization","name":"Avatacar","url":"https:\/\/www.avatacar.com\/blog\/","logo":{"@type":"ImageObject","inLanguage":"fr-FR","@id":"https:\/\/www.avatacar.com\/blog\/#\/schema\/logo\/image\/","url":"https:\/\/www.avatacar.com\/blog\/app\/uploads\/2026\/03\/LogoAvatacar2024.jpg","contentUrl":"https:\/\/www.avatacar.com\/blog\/app\/uploads\/2026\/03\/LogoAvatacar2024.jpg","width":1452,"height":613,"caption":"Avatacar"},"image":{"@id":"https:\/\/www.avatacar.com\/blog\/#\/schema\/logo\/image\/"},"sameAs":["https:\/\/www.facebook.com\/Avatacar","https:\/\/x.com\/avatacar","https:\/\/www.instagram.com\/avatacar\/"]},{"@type":"Person","@id":"https:\/\/www.avatacar.com\/blog\/#\/schema\/person\/1ad08c36bf2f723a7f4e62401e91b914","name":"Chlo\u00e9 d'Avatacar","image":{"@type":"ImageObject","inLanguage":"fr-FR","@id":"https:\/\/secure.gravatar.com\/avatar\/cddaacc7de2f6034a370fcaeab7780a121e734def73f55a81f621c02b5d29252?s=96&d=blank&r=g","url":"https:\/\/secure.gravatar.com\/avatar\/cddaacc7de2f6034a370fcaeab7780a121e734def73f55a81f621c02b5d29252?s=96&d=blank&r=g","contentUrl":"https:\/\/secure.gravatar.com\/avatar\/cddaacc7de2f6034a370fcaeab7780a121e734def73f55a81f621c02b5d29252?s=96&d=blank&r=g","caption":"Chlo\u00e9 d'Avatacar"},"description":"Passionn\u00e9e par le monde automobile, Chlo\u00e9 partage avec vous les principales actus auto, toutes les nouvelles informations qui peuvent toucher de pr\u00e8s ou de loin les conducteurs et des articles d\u00e9di\u00e9s \u00e0 l'entretien de votre voiture pour apprendre de mani\u00e8re simple son fonctionnement ! Bonne lecture ;)"}]}},"_links":{"self":[{"href":"https:\/\/www.avatacar.com\/blog\/wp-json\/wp\/v2\/posts\/23499","targetHints":{"allow":["GET"]}}],"collection":[{"href":"https:\/\/www.avatacar.com\/blog\/wp-json\/wp\/v2\/posts"}],"about":[{"href":"https:\/\/www.avatacar.com\/blog\/wp-json\/wp\/v2\/types\/post"}],"author":[{"embeddable":true,"href":"https:\/\/www.avatacar.com\/blog\/wp-json\/wp\/v2\/users\/3"}],"replies":[{"embeddable":true,"href":"https:\/\/www.avatacar.com\/blog\/wp-json\/wp\/v2\/comments?post=23499"}],"version-history":[{"count":2,"href":"https:\/\/www.avatacar.com\/blog\/wp-json\/wp\/v2\/posts\/23499\/revisions"}],"predecessor-version":[{"id":23503,"href":"https:\/\/www.avatacar.com\/blog\/wp-json\/wp\/v2\/posts\/23499\/revisions\/23503"}],"wp:featuredmedia":[{"embeddable":true,"href":"https:\/\/www.avatacar.com\/blog\/wp-json\/wp\/v2\/media\/23501"}],"wp:attachment":[{"href":"https:\/\/www.avatacar.com\/blog\/wp-json\/wp\/v2\/media?parent=23499"}],"wp:term":[{"taxonomy":"category","embeddable":true,"href":"https:\/\/www.avatacar.com\/blog\/wp-json\/wp\/v2\/categories?post=23499"},{"taxonomy":"post_tag","embeddable":true,"href":"https:\/\/www.avatacar.com\/blog\/wp-json\/wp\/v2\/tags?post=23499"}],"curies":[{"name":"wp","href":"https:\/\/api.w.org\/{rel}","templated":true}]}}