{"id":8736,"date":"2024-04-23T09:00:20","date_gmt":"2024-04-23T07:00:20","guid":{"rendered":"https:\/\/www.avatacar.com\/blog\/?p=8736"},"modified":"2026-04-09T13:44:06","modified_gmt":"2026-04-09T11:44:06","slug":"tout-savoir-sur-les-barres-de-toit","status":"publish","type":"post","link":"https:\/\/www.avatacar.com\/blog\/equipement-auto\/tout-savoir-sur-les-barres-de-toit\/","title":{"rendered":"Tout savoir sur les barres de toit"},"content":{"rendered":"<div  class='flex_column av-2vqr6o-db276ae7fac636fa35cf3431d9ac5b43 av_one_full  avia-builder-el-0  el_before_av_one_full  avia-builder-el-first  first flex_column_div  '     ><div  class='avia-slideshow av-lnxaylp8-146dbfcbfb087d6999700a9c056af2f6 avia-slideshow-no scaling av_slideshow avia-slide-slider  avia-builder-el-1  avia-builder-el-no-sibling  av-slideshow-ui av-control-default av-slideshow-manual av-loop-once av-loop-manual-endless av-default-height-applied avia-slideshow-1' data-slideshow-options=\"{&quot;animation&quot;:&quot;slide&quot;,&quot;autoplay&quot;:false,&quot;loop_autoplay&quot;:&quot;once&quot;,&quot;interval&quot;:5,&quot;loop_manual&quot;:&quot;manual-endless&quot;,&quot;autoplay_stopper&quot;:false,&quot;noNavigation&quot;:false,&quot;bg_slider&quot;:false,&quot;keep_padding&quot;:false,&quot;hoverpause&quot;:false,&quot;show_slide_delay&quot;:0}\"  itemprop=\"image\" itemscope=\"itemscope\" itemtype=\"https:\/\/schema.org\/ImageObject\" ><ul class='avia-slideshow-inner ' style='padding-bottom: 58.905852417303%;'><li  class='avia-slideshow-slide av-lnxaylp8-146dbfcbfb087d6999700a9c056af2f6__0  av-single-slide slide-1 slide-odd'><div data-rel='slideshow-1' class='avia-slide-wrap '   ><div class='av-slideshow-caption av-lnxaylp8-146dbfcbfb087d6999700a9c056af2f6__0 avia-caption'><div class=\"avia-inner-caption\"><h1 class='avia-caption-title '  itemprop=\"name\" >Tout savoir sur les barres de toit<\/h1><\/div><\/div><img decoding=\"async\" fetchpriority=\"high\" class=\"wp-image-15217 avia-img-lazy-loading-not-15217\"  src=\"https:\/\/www.avatacar.com\/blog\/app\/uploads\/2021\/08\/786x463-5.jpg\" width=\"786\" height=\"463\" title='786x463' alt=''  itemprop=\"thumbnailUrl\" srcset=\"https:\/\/www.avatacar.com\/blog\/app\/uploads\/2021\/08\/786x463-5.jpg 786w, https:\/\/www.avatacar.com\/blog\/app\/uploads\/2021\/08\/786x463-5-300x177.jpg 300w, https:\/\/www.avatacar.com\/blog\/app\/uploads\/2021\/08\/786x463-5-768x452.jpg 768w, https:\/\/www.avatacar.com\/blog\/app\/uploads\/2021\/08\/786x463-5-705x415.jpg 705w\" sizes=\"(max-width: 786px) 100vw, 786px\" \/><\/div><\/li><\/ul><\/div><\/div>\n<div  class='flex_column av-o7a54g-7ccdcc95888790c29730996be80831e3 av_one_full  avia-builder-el-2  el_after_av_one_full  el_before_av_one_full  first flex_column_div  column-top-margin'     ><p><section  class='av_textblock_section av-loocg7wq-1448f56ec385cc3b36836021662f3091 '   itemscope=\"itemscope\" itemtype=\"https:\/\/schema.org\/BlogPosting\" itemprop=\"blogPost\" ><div class='avia_textblock'  itemprop=\"text\" ><p>Les<a href=\"https:\/\/www.avatacar.com\/barre-de-toit.htm\"><strong> barres de toi<\/strong>t<\/a> sont indispensables \u00e0 votre voiture lorsqu\u2019il s\u2019agit d\u2019acqu\u00e9rir un <strong>espace de stockage<\/strong> suppl\u00e9mentaire et de voyager sereinement. Plusieurs crit\u00e8res doivent \u00eatre pris en compte pour r\u00e9pondre au mieux \u00e0 vos besoins. Avatacar vous explique tout !<\/p>\n<\/div><\/section><br \/>\n<div  class='hr av-m588wg-67a8d48ff1690effed01b0711d1b4658 hr-default  avia-builder-el-4  el_after_av_textblock  el_before_av_textblock '><span class='hr-inner '><span class=\"hr-inner-style\"><\/span><\/span><\/div><br \/>\n<section  class='av_textblock_section av-loocgq9k-278de0d5dc73caf82940aa4c34c9f39b '   itemscope=\"itemscope\" itemtype=\"https:\/\/schema.org\/BlogPosting\" itemprop=\"blogPost\" ><div class='avia_textblock'  itemprop=\"text\" ><p style=\"text-align: center;\"><a href=\"https:\/\/www.avatacar.com\/\"><img loading=\"lazy\" decoding=\"async\" class=\"avatacar_tracking_banner alignnone wp-image-18638 \" src=\"https:\/\/www.avatacar.com\/blog\/app\/uploads\/2024\/05\/bannierebarresdetoitcompatibles_positionhaut-300x37.jpg\" alt=\"\" width=\"5449\" height=\"672\" srcset=\"https:\/\/www.avatacar.com\/blog\/app\/uploads\/2024\/05\/bannierebarresdetoitcompatibles_positionhaut-300x37.jpg 300w, https:\/\/www.avatacar.com\/blog\/app\/uploads\/2024\/05\/bannierebarresdetoitcompatibles_positionhaut.jpg 600w\" sizes=\"auto, (max-width: 5449px) 100vw, 5449px\" \/><\/a><\/p>\n<\/div><\/section><br \/>\n<div  class='hr av-lhtwts-256a4912549ec30baa63850731b850f7 hr-default  avia-builder-el-6  el_after_av_textblock  avia-builder-el-last '><span class='hr-inner '><span class=\"hr-inner-style\"><\/span><\/span><\/div><\/p><\/div>\n<div  class='flex_column av-2if2o0-1bf79ae7f744c0541608209abac7e8ba av_one_full  avia-builder-el-7  el_after_av_one_full  el_before_av_one_half  first flex_column_div  column-top-margin'     ><\/div>\n<div  class='flex_column av-1xuz5c-a37c88526879e6e1bf2a5d11f36a12d0 av_one_half  avia-builder-el-9  el_after_av_one_full  el_before_av_hr  first flex_column_div  column-top-margin'     ><section  class='av_textblock_section av-looci3b6-527144c188390df742c4f529dd3532d1 '   itemscope=\"itemscope\" itemtype=\"https:\/\/schema.org\/BlogPosting\" itemprop=\"blogPost\" ><div class='avia_textblock'  itemprop=\"text\" ><p><span style=\"font-size: 24px; font-weight: bold; color: #333333;\">SOMMAIRE<\/span><\/p>\n<ul>\n<li><a href=\"#BarresDeToit\">Quelles sont les barres de toit adapt\u00e9es \u00e0 votre voiture ?<\/a><\/li>\n<li><a href=\"#Recommandations\">Quelques recommandations avant de prendre la route<\/a><\/li>\n<\/ul>\n<\/div><\/section><\/div>\n<div  class='hr av-h3vm1c-0483c835de74349299093fc5232e54e4 hr-default  avia-builder-el-11  el_after_av_one_half  el_before_av_one_full '><span class='hr-inner '><span class=\"hr-inner-style\"><\/span><\/span><\/div>\n<div  class='flex_column av-ghqi1s-3f7b08ed9c2156961ca91c91dfef8f77 av_one_full  avia-builder-el-12  el_after_av_hr  el_before_av_one_full  first flex_column_div  '     ><section  class='av_textblock_section av-loocigsj-565732cbdea77c1df2f6b35a4d5e2020 '   itemscope=\"itemscope\" itemtype=\"https:\/\/schema.org\/BlogPosting\" itemprop=\"blogPost\" ><div class='avia_textblock'  itemprop=\"text\" ><h2 id=\"BarresDeToit\" style=\"text-align: left;\"><strong>Quelles sont les barres de toit adapt\u00e9es \u00e0 votre voiture ?<\/strong><\/h2>\n<p>Avant tout achat, il est important de se munir de votre plaque d\u2019immatriculation et du mod\u00e8le de votre v\u00e9hicule. En effet, il existe une multitude de fixations pour les barres de toit, chacune adapt\u00e9e \u00e0 la carrosserie et au type de toit de votre v\u00e9hicule.<br \/>\nAvant de fixer vos barres de toit il est important de savoir si votre voiture est \u00e9quip\u00e9e de :<\/p>\n<ul>\n<li><strong>Barres longitudinales (ajour\u00e9es ou int\u00e9gr\u00e9es)<\/strong> : les barres de toit viendront se fixer directement dessus avec un syst\u00e8me de fixation sp\u00e9cifique ;<\/li>\n<li><strong>Toit sans pr\u00e9 fixation existant<\/strong> : les barre de toit se fixeront alors sur le bord des porti\u00e8res ;<\/li>\n<li><strong>Points de fixation :<\/strong> les points de fixation ou points d\u2019ancrage d\u2019origine situ\u00e9s sur le toit permettront une fixit\u00e9 optimale de vos barres de toit.<\/li>\n<\/ul>\n<p>Consultez le carnet d\u2019entretien de votre v\u00e9hicule pour v\u00e9rifier le type de toit de votre v\u00e9hicule et la<strong> compatibilit\u00e9 de vos barres de toit.<\/strong><\/p>\n<p>Que l\u2019utilisation de vos barres de toit soit r\u00e9guli\u00e8re ou occasionnelle, il est indispensable de s\u2019\u00e9quiper d\u2019un mat\u00e9riel en ad\u00e9quation avec vos besoins.<br \/>\nSi vous utilisez vos barres de toit pour des distances importantes avec une <strong>vitesse \u00e9gale ou sup\u00e9rieure \u00e0 90km\/h minimum<\/strong>, il est pr\u00e9f\u00e9rable de se tourner vers des barres de toit avec r\u00e9duction de bruit afin d\u2019<strong>\u00e9viter tout d\u00e9sagr\u00e9ment sonore.<\/strong><br \/>\nLes barres de toit ne sont g\u00e9n\u00e9ralement pas conseill\u00e9es ou compatibles avec les v\u00e9hicules \u00e9quip\u00e9s de toit en verre ou de toit panoramique car elles risqueraient de l\u2019endommager.<\/p>\n<\/div><\/section><\/div>\n<div  class='flex_column av-1eygow-498b06340ffb9a36396e393e59581fbb av_one_full  avia-builder-el-14  el_after_av_one_full  el_before_av_one_full  first flex_column_div  column-top-margin'     ><section  class='av_textblock_section av-loocipq1-d0e38243e4720e89bcf4b3ea39b1166c '   itemscope=\"itemscope\" itemtype=\"https:\/\/schema.org\/BlogPosting\" itemprop=\"blogPost\" ><div class='avia_textblock'  itemprop=\"text\" ><h2 id=\"Recommandations\" style=\"text-align: left;\"><strong>Quelques recommandations avant de prendre la route<\/strong><\/h2>\n<p>Avant de prendre la route avec votre nouvelle acquisition, assurez-vous que :<\/p>\n<ul>\n<li>Vos barres de toit soient correctement fix\u00e9es ;<\/li>\n<li>La charge soit convenablement r\u00e9partie ;<\/li>\n<li>Les objets transport\u00e9s soient bien s\u00e9curis\u00e9s ;<\/li>\n<li>La limite de poids maximale ne soit pas atteinte ;<\/li>\n<li>Votre conduite soit adapt\u00e9e au chargement suppl\u00e9mentaire.<\/li>\n<\/ul>\n<p>Si vous avez des questions ou si vous souhaitez nous communiquer votre propre exp\u00e9rience, nous nous ferons un plaisir de vous r\u00e9pondre dans l\u2019espace commentaire.<\/p>\n<\/div><\/section><\/div>\n<div  class='flex_column av-29vxkg-bb62b6543312d475ba086ffe56fedc05 av_one_full  avia-builder-el-16  el_after_av_one_full  el_before_av_one_full  first flex_column_div  column-top-margin'     ><section  class='av_textblock_section av-lvc4mjzp-721c0f6ab87f36271b9c5dd49d6fb99d '   itemscope=\"itemscope\" itemtype=\"https:\/\/schema.org\/BlogPosting\" itemprop=\"blogPost\" ><div class='avia_textblock'  itemprop=\"text\" ><h2 id=\"QuestionsFrequentes\" style=\"text-align: left;\"><strong>Questions fr\u00e9quentes : <\/strong><\/h2>\n\n<style type=\"text\/css\" data-created_by=\"avia_inline_auto\" id=\"style-css-av-111btp-f8cc5b2f0c72ed60d7fcbb5cc816177b\">\n#top .hr.hr-invisible.av-111btp-f8cc5b2f0c72ed60d7fcbb5cc816177b{\nheight:25px;\n}\n<\/style>\n<div  class='hr av-111btp-f8cc5b2f0c72ed60d7fcbb5cc816177b hr-invisible  avia-builder-el-18  el_before_av_hr  avia-builder-el-first '><span class='hr-inner '><span class=\"hr-inner-style\"><\/span><\/span><\/div>\n<h3 style=\"text-align: left;\">Quelle barre de toit pour ma voiture ?<\/h3>\n<p style=\"text-align: left;\">Pour trouver les barres de toit adapt\u00e9es \u00e0 votre voiture, vous devez d\u2019abord identifier le mod\u00e8le sp\u00e9cifique de votre v\u00e9hicule et ses caract\u00e9ristiques, telles que la pr\u00e9sence de barres longitudinales ou de points de fixation.<\/p>\n\n<style type=\"text\/css\" data-created_by=\"avia_inline_auto\" id=\"style-css-av-7dts65-2822dad02bf6844d89599285482732f5\">\n#top .hr.av-7dts65-2822dad02bf6844d89599285482732f5{\nmargin-top:30px;\nmargin-bottom:30px;\n}\n.hr.av-7dts65-2822dad02bf6844d89599285482732f5 .hr-inner{\nwidth:50px;\nborder-color:#94c11f;\n}\n<\/style>\n<div  class='hr av-7dts65-2822dad02bf6844d89599285482732f5 hr-custom  avia-builder-el-19  el_after_av_hr  el_before_av_hr  hr-left hr-icon-no'><span class='hr-inner inner-border-av-border-fat'><span class=\"hr-inner-style\"><\/span><\/span><\/div>\n<h3 style=\"text-align: left;\">Toutes les barres de toit sont-elles identiques ?<\/h3>\n<p style=\"text-align: left;\">Non, toutes les barres de toit ne sont pas identiques. Elles peuvent varier en termes de taille, de forme, mat\u00e9riau de fabrication, capacit\u00e9 de charge, de syst\u00e8me de fixation et de compatibilit\u00e9 avec diff\u00e9rents types de v\u00e9hicules.<\/p>\n\n<style type=\"text\/css\" data-created_by=\"avia_inline_auto\" id=\"style-css-av-59yijx-7c4f32d897491988d64661aad02f3321\">\n#top .hr.av-59yijx-7c4f32d897491988d64661aad02f3321{\nmargin-top:30px;\nmargin-bottom:30px;\n}\n.hr.av-59yijx-7c4f32d897491988d64661aad02f3321 .hr-inner{\nwidth:50px;\nborder-color:#94c11f;\n}\n<\/style>\n<div  class='hr av-59yijx-7c4f32d897491988d64661aad02f3321 hr-custom  avia-builder-el-20  el_after_av_hr  avia-builder-el-last  hr-left hr-icon-no'><span class='hr-inner inner-border-av-border-fat'><span class=\"hr-inner-style\"><\/span><\/span><\/div>\n<h3 style=\"text-align: left;\">Est-il facile d\u2019installer des barres de toit ?<\/h3>\n<p style=\"text-align: left;\">La facilit\u00e9 d\u2019installation des barres de toit d\u00e9pend des types de barres de toit. De nombreux fabricants con\u00e7oivent des barres de toit avec des syst\u00e8mes de fixation relativement simples, accompagn\u00e9s de manuels d\u2019instructions d\u2019ailles pour faciliter l\u2019installation.<\/p>\n<\/div><\/section><\/div>\n<div  class='flex_column av-bs4qy8-b0ae6b3fba20dcdbcb3fa4243387b801 av_one_full  avia-builder-el-21  el_after_av_one_full  el_before_av_section  avia-builder-el-last  first flex_column_div  column-top-margin'     ><section  class='av_textblock_section av-loocj4a9-b8387a27fb43a8edf943cc3e88640a31 '   itemscope=\"itemscope\" itemtype=\"https:\/\/schema.org\/BlogPosting\" itemprop=\"blogPost\" ><div class='avia_textblock'  itemprop=\"text\" ><figure class=\"wp-block-image aligncenter size-full is-resized\"><a href=\"https:\/\/www.avatacar.com\/\"><img loading=\"lazy\" decoding=\"async\" class=\"avatacar_tracking_banner wp-image-18639 aligncenter\" src=\"https:\/\/www.avatacar.com\/blog\/app\/uploads\/2024\/05\/bannierecoffredetoit_positionbas-300x70.jpg\" alt=\"\" width=\"2794\" height=\"652\" srcset=\"https:\/\/www.avatacar.com\/blog\/app\/uploads\/2024\/05\/bannierecoffredetoit_positionbas-300x70.jpg 300w, https:\/\/www.avatacar.com\/blog\/app\/uploads\/2024\/05\/bannierecoffredetoit_positionbas.jpg 600w\" sizes=\"auto, (max-width: 2794px) 100vw, 2794px\" \/><\/a><\/figure>\n<\/div><\/section><br \/>\n<div  class='hr av-a6y2ao-e4b585632f69d79fc3b7d09786cda177 hr-default  avia-builder-el-23  el_after_av_textblock  avia-builder-el-last '><span class='hr-inner '><span class=\"hr-inner-style\"><\/span><\/span><\/div><\/p><\/div>\n<\/div><\/div><\/div><!-- close content main div --><\/div><\/div>\n<style type=\"text\/css\" data-created_by=\"avia_inline_auto\" id=\"style-css-av-loockewf-0184f42a52ef01428ff816f0760fc66e\">\n.avia-section.av-loockewf-0184f42a52ef01428ff816f0760fc66e{\nbackground-color:#f2f2f2;\nbackground-image:unset;\n}\n<\/style>\n<div id='av_section_1'  class='avia-section av-loockewf-0184f42a52ef01428ff816f0760fc66e main_color avia-section-default avia-no-border-styling  avia-builder-el-24  el_after_av_one_full  el_before_av_section  avia-bg-style-scroll container_wrap fullsize'  ><div class='container av-section-cont-open' ><div class='template-page content  av-content-full alpha units'><div class='post-entry post-entry-type-page post-entry-8736'><div class='entry-content-wrapper clearfix'>\n<div  class='flex_column av-8k3d5c-4ac59929fd6878272ecda9af6c560977 av_one_full  avia-builder-el-25  avia-builder-el-no-sibling  first flex_column_div  '     ><p><section  class='av_textblock_section av-loocjtlj-fe32509a1ea0fb9d99dcc16194bcbdc5 '   itemscope=\"itemscope\" itemtype=\"https:\/\/schema.org\/BlogPosting\" itemprop=\"blogPost\" ><div class='avia_textblock'  itemprop=\"text\" ><p><span style=\"font-size: 24px;\">Vous aimerez peut-\u00eatre &#8230;<\/span><\/p>\n<\/div><\/section><br \/>\n<div  data-slideshow-options=\"{&quot;animation&quot;:&quot;fade&quot;,&quot;autoplay&quot;:false,&quot;loop_autoplay&quot;:&quot;once&quot;,&quot;interval&quot;:&quot;5&quot;,&quot;loop_manual&quot;:&quot;manual-endless&quot;,&quot;autoplay_stopper&quot;:false,&quot;noNavigation&quot;:false,&quot;show_slide_delay&quot;:90}\" class='avia-content-slider avia-content-slider-active avia-content-slider1 avia-content-slider-odd  avia-builder-el-27  el_after_av_textblock  avia-builder-el-last  av-slideshow-ui av-control-default   av-no-slider-navigation av-slideshow-manual av-loop-once av-loop-manual-endless '  itemscope=\"itemscope\" itemtype=\"https:\/\/schema.org\/Blog\" ><div class=\"avia-content-slider-inner\"><div class=\"slide-entry-wrap\"><article class='slide-entry flex_column  post-entry post-entry-23365 slide-entry-overview slide-loop-1 slide-parity-odd  av_one_third first real-thumbnail posttype-post post-format-standard'  itemscope=\"itemscope\" itemtype=\"https:\/\/schema.org\/BlogPosting\" itemprop=\"blogPost\" ><a href='https:\/\/www.avatacar.com\/blog\/equipement-auto\/ma-batterie-est-a-plat-comment-la-recharger\/' data-rel='slide-1' class='slide-image' title='Ma batterie est \u00e0 plat : comment la recharger ?'><img decoding=\"async\" fetchpriority=\"high\" width=\"495\" height=\"400\" src=\"https:\/\/www.avatacar.com\/blog\/app\/uploads\/2026\/06\/Ma-batterie-est-a-plat-comment-la-recharger-495x400.jpg\" class=\"wp-image-23366 avia-img-lazy-loading-not-23366 attachment-portfolio size-portfolio wp-post-image\" alt=\"\" \/><\/a><div class=\"slide-content\"><header class=\"entry-content-header\" aria-label=\"Slide: Ma batterie est \u00e0 plat : comment la recharger ?\"><span class=\"blog-categories minor-meta\"><a href=\"https:\/\/www.avatacar.com\/blog\/category\/equipement-auto\/\" rel=\"tag\">\u00c9quipement Auto<\/a> <\/span><h3 class='slide-entry-title entry-title '  itemprop=\"headline\" ><a href='https:\/\/www.avatacar.com\/blog\/equipement-auto\/ma-batterie-est-a-plat-comment-la-recharger\/' title='Ma batterie est \u00e0 plat : comment la recharger ?'>Ma batterie est \u00e0 plat : comment la recharger ?<\/a><\/h3><span class=\"av-vertical-delimiter\"><\/span><\/header><\/div><footer class=\"entry-footer\"><\/footer><span class='hidden'>\n\t\t\t\t<span class='av-structured-data'  itemprop=\"image\" itemscope=\"itemscope\" itemtype=\"https:\/\/schema.org\/ImageObject\" >\n\t\t\t\t\t\t<span itemprop='url'>https:\/\/www.avatacar.com\/blog\/app\/uploads\/2026\/06\/Ma-batterie-est-a-plat-comment-la-recharger.jpg<\/span>\n\t\t\t\t\t\t<span itemprop='height'>440<\/span>\n\t\t\t\t\t\t<span itemprop='width'>820<\/span>\n\t\t\t\t<\/span>\n\t\t\t\t<span class='av-structured-data'  itemprop=\"publisher\" itemtype=\"https:\/\/schema.org\/Organization\" itemscope=\"itemscope\" >\n\t\t\t\t\t\t<span itemprop='name'>Morgane<\/span>\n\t\t\t\t\t\t<span itemprop='logo' itemscope itemtype='https:\/\/schema.org\/ImageObject'>\n\t\t\t\t\t\t\t<span itemprop='url'>https:\/\/www.avatacar.com\/blog\/app\/uploads\/2024\/07\/LogoBlog-300x138.jpg<\/span>\n\t\t\t\t\t\t<\/span>\n\t\t\t\t<\/span><span class='av-structured-data'  itemprop=\"author\" itemscope=\"itemscope\" itemtype=\"https:\/\/schema.org\/Person\" ><span itemprop='name'>Morgane<\/span><\/span><span class='av-structured-data'  itemprop=\"datePublished\" datetime=\"2024-04-23T09:00:20+02:00\" >2026-06-29 10:00:07<\/span><span class='av-structured-data'  itemprop=\"dateModified\" itemtype=\"https:\/\/schema.org\/dateModified\" >2026-08-27 17:42:25<\/span><span class='av-structured-data'  itemprop=\"mainEntityOfPage\" itemtype=\"https:\/\/schema.org\/mainEntityOfPage\" ><span itemprop='name'>Ma batterie est \u00e0 plat : comment la recharger ?<\/span><\/span><\/span><\/article><article class='slide-entry flex_column  post-entry post-entry-2192 slide-entry-overview slide-loop-2 slide-parity-even  av_one_third  real-thumbnail posttype-post post-format-standard'  itemscope=\"itemscope\" itemtype=\"https:\/\/schema.org\/BlogPosting\" itemprop=\"blogPost\" ><a href='https:\/\/www.avatacar.com\/blog\/equipement-auto\/choisir-chaussettes-chaines-neige\/' data-rel='slide-1' class='slide-image' title='Que choisir entre chaussettes et cha\u00eenes neige ?'><img decoding=\"async\" fetchpriority=\"high\" width=\"495\" height=\"400\" src=\"https:\/\/www.avatacar.com\/blog\/app\/uploads\/2024\/09\/ChoixChaussettesChainesNeige-495x400.jpg\" class=\"wp-image-18291 avia-img-lazy-loading-not-18291 attachment-portfolio size-portfolio wp-post-image\" alt=\"\" \/><\/a><div class=\"slide-content\"><header class=\"entry-content-header\" aria-label=\"Slide: Que choisir entre chaussettes et cha\u00eenes neige ?\"><span class=\"blog-categories minor-meta\"><a href=\"https:\/\/www.avatacar.com\/blog\/category\/equipement-auto\/\" rel=\"tag\">\u00c9quipement Auto<\/a> <\/span><h3 class='slide-entry-title entry-title '  itemprop=\"headline\" ><a href='https:\/\/www.avatacar.com\/blog\/equipement-auto\/choisir-chaussettes-chaines-neige\/' title='Que choisir entre chaussettes et cha\u00eenes neige ?'>Que choisir entre chaussettes et cha\u00eenes neige ?<\/a><\/h3><span class=\"av-vertical-delimiter\"><\/span><\/header><\/div><footer class=\"entry-footer\"><\/footer><span class='hidden'>\n\t\t\t\t<span class='av-structured-data'  itemprop=\"image\" itemscope=\"itemscope\" itemtype=\"https:\/\/schema.org\/ImageObject\" >\n\t\t\t\t\t\t<span itemprop='url'>https:\/\/www.avatacar.com\/blog\/app\/uploads\/2024\/09\/ChoixChaussettesChainesNeige.jpg<\/span>\n\t\t\t\t\t\t<span itemprop='height'>463<\/span>\n\t\t\t\t\t\t<span itemprop='width'>786<\/span>\n\t\t\t\t<\/span>\n\t\t\t\t<span class='av-structured-data'  itemprop=\"publisher\" itemtype=\"https:\/\/schema.org\/Organization\" itemscope=\"itemscope\" >\n\t\t\t\t\t\t<span itemprop='name'>Chlo\u00e9 d'Avatacar<\/span>\n\t\t\t\t\t\t<span itemprop='logo' itemscope itemtype='https:\/\/schema.org\/ImageObject'>\n\t\t\t\t\t\t\t<span itemprop='url'>https:\/\/www.avatacar.com\/blog\/app\/uploads\/2024\/07\/LogoBlog-300x138.jpg<\/span>\n\t\t\t\t\t\t<\/span>\n\t\t\t\t<\/span><span class='av-structured-data'  itemprop=\"author\" itemscope=\"itemscope\" itemtype=\"https:\/\/schema.org\/Person\" ><span itemprop='name'>Chlo\u00e9 d'Avatacar<\/span><\/span><span class='av-structured-data'  itemprop=\"datePublished\" datetime=\"2024-04-23T09:00:20+02:00\" >2026-03-15 09:00:00<\/span><span class='av-structured-data'  itemprop=\"dateModified\" itemtype=\"https:\/\/schema.org\/dateModified\" >2026-04-14 15:08:33<\/span><span class='av-structured-data'  itemprop=\"mainEntityOfPage\" itemtype=\"https:\/\/schema.org\/mainEntityOfPage\" ><span itemprop='name'>Que choisir entre chaussettes et cha\u00eenes neige ?<\/span><\/span><\/span><\/article><article class='slide-entry flex_column  post-entry post-entry-2229 slide-entry-overview slide-loop-3 slide-parity-odd  post-entry-last  av_one_third  real-thumbnail posttype-post post-format-standard'  itemscope=\"itemscope\" itemtype=\"https:\/\/schema.org\/BlogPosting\" itemprop=\"blogPost\" ><a href='https:\/\/www.avatacar.com\/blog\/equipement-auto\/comment-poser-retirer-ses-chaines-neige\/' data-rel='slide-1' class='slide-image' title='Comment poser et retirer ses cha\u00eenes neige ?'><img decoding=\"async\" fetchpriority=\"high\" width=\"495\" height=\"400\" src=\"https:\/\/www.avatacar.com\/blog\/app\/uploads\/2024\/09\/PoserRetirerChaines-495x400.jpg\" class=\"wp-image-18311 avia-img-lazy-loading-not-18311 attachment-portfolio size-portfolio wp-post-image\" alt=\"PoserRetirerChaines\" \/><\/a><div class=\"slide-content\"><header class=\"entry-content-header\" aria-label=\"Slide: Comment poser et retirer ses cha\u00eenes neige ?\"><span class=\"blog-categories minor-meta\"><a href=\"https:\/\/www.avatacar.com\/blog\/category\/equipement-auto\/\" rel=\"tag\">\u00c9quipement Auto<\/a> <\/span><h3 class='slide-entry-title entry-title '  itemprop=\"headline\" ><a href='https:\/\/www.avatacar.com\/blog\/equipement-auto\/comment-poser-retirer-ses-chaines-neige\/' title='Comment poser et retirer ses cha\u00eenes neige ?'>Comment poser et retirer ses cha\u00eenes neige ?<\/a><\/h3><span class=\"av-vertical-delimiter\"><\/span><\/header><\/div><footer class=\"entry-footer\"><\/footer><span class='hidden'>\n\t\t\t\t<span class='av-structured-data'  itemprop=\"image\" itemscope=\"itemscope\" itemtype=\"https:\/\/schema.org\/ImageObject\" >\n\t\t\t\t\t\t<span itemprop='url'>https:\/\/www.avatacar.com\/blog\/app\/uploads\/2024\/09\/PoserRetirerChaines.jpg<\/span>\n\t\t\t\t\t\t<span itemprop='height'>463<\/span>\n\t\t\t\t\t\t<span itemprop='width'>786<\/span>\n\t\t\t\t<\/span>\n\t\t\t\t<span class='av-structured-data'  itemprop=\"publisher\" itemtype=\"https:\/\/schema.org\/Organization\" itemscope=\"itemscope\" >\n\t\t\t\t\t\t<span itemprop='name'>Chlo\u00e9 d'Avatacar<\/span>\n\t\t\t\t\t\t<span itemprop='logo' itemscope itemtype='https:\/\/schema.org\/ImageObject'>\n\t\t\t\t\t\t\t<span itemprop='url'>https:\/\/www.avatacar.com\/blog\/app\/uploads\/2024\/07\/LogoBlog-300x138.jpg<\/span>\n\t\t\t\t\t\t<\/span>\n\t\t\t\t<\/span><span class='av-structured-data'  itemprop=\"author\" itemscope=\"itemscope\" itemtype=\"https:\/\/schema.org\/Person\" ><span itemprop='name'>Chlo\u00e9 d'Avatacar<\/span><\/span><span class='av-structured-data'  itemprop=\"datePublished\" datetime=\"2024-04-23T09:00:20+02:00\" >2025-10-14 09:00:00<\/span><span class='av-structured-data'  itemprop=\"dateModified\" itemtype=\"https:\/\/schema.org\/dateModified\" >2026-03-20 14:16:09<\/span><span class='av-structured-data'  itemprop=\"mainEntityOfPage\" itemtype=\"https:\/\/schema.org\/mainEntityOfPage\" ><span itemprop='name'>Comment poser et retirer ses cha\u00eenes neige ?<\/span><\/span><\/span><\/article><\/div><\/div><\/div><\/p><\/div>\n\n<\/div><\/div><\/div><!-- close content main div --><\/div><\/div><div id='av_section_2'  class='avia-section av-6sfhfk-292a29f0522d65fd0ad23d1253362915 main_color avia-section-default avia-no-border-styling  avia-builder-el-28  el_after_av_section  avia-builder-el-last  avia-bg-style-scroll container_wrap fullsize'  ><div class='container av-section-cont-open' ><div class='template-page content  av-content-full alpha units'><div class='post-entry post-entry-type-page post-entry-8736'><div class='entry-content-wrapper clearfix'>\n<section  class='av_textblock_section av-loockwy4-983d00d5bbda41823a9372d41992b031 '   itemscope=\"itemscope\" itemtype=\"https:\/\/schema.org\/BlogPosting\" itemprop=\"blogPost\" ><div class='avia_textblock'  itemprop=\"text\" ><p><span style=\"font-size: 24px;\">\u00c0 propos de l&rsquo;auteur<\/span><\/p>\n<\/div><\/section>\n<div  class='flex_column av-56cndc-ed0a63885790dc981b117729c8eeb2d5 av_one_fifth  avia-builder-el-30  el_after_av_textblock  el_before_av_four_fifth  first flex_column_div  column-top-margin'     ><style type=\"text\/css\" data-created_by=\"avia_inline_auto\" id=\"style-css-av-loocl71h-f3ecb99f7417098c0462b710b7c17131\">\n.avia-image-container.av-loocl71h-f3ecb99f7417098c0462b710b7c17131 img.avia_image{\nbox-shadow:none;\n}\n.avia-image-container.av-loocl71h-f3ecb99f7417098c0462b710b7c17131 .av-image-caption-overlay-center{\ncolor:#ffffff;\n}\n<\/style>\n<div  class='avia-image-container av-loocl71h-f3ecb99f7417098c0462b710b7c17131 av-styling- avia-align-center  avia-builder-el-31  avia-builder-el-no-sibling '   itemprop=\"image\" itemscope=\"itemscope\" itemtype=\"https:\/\/schema.org\/ImageObject\" ><div class=\"avia-image-container-inner\"><div class=\"avia-image-overlay-wrap\"><img decoding=\"async\" fetchpriority=\"high\" class='wp-image-14260 avia-img-lazy-loading-not-14260 avia_image ' src=\"https:\/\/www.avatacar.com\/blog\/app\/uploads\/2022\/11\/ChloeAvatacar.jpg\" alt='Chlo\u00e9 d&#039;Avatacar' title='ChloeAvatacar'  height=\"601\" width=\"601\"  itemprop=\"thumbnailUrl\" srcset=\"https:\/\/www.avatacar.com\/blog\/app\/uploads\/2022\/11\/ChloeAvatacar.jpg 601w, https:\/\/www.avatacar.com\/blog\/app\/uploads\/2022\/11\/ChloeAvatacar-300x300.jpg 300w, https:\/\/www.avatacar.com\/blog\/app\/uploads\/2022\/11\/ChloeAvatacar-80x80.jpg 80w, https:\/\/www.avatacar.com\/blog\/app\/uploads\/2022\/11\/ChloeAvatacar-36x36.jpg 36w, https:\/\/www.avatacar.com\/blog\/app\/uploads\/2022\/11\/ChloeAvatacar-180x180.jpg 180w\" sizes=\"(max-width: 601px) 100vw, 601px\" \/><\/div><\/div><\/div><\/div><div  class='flex_column av-4sij9s-5850b4590bacd39e15672832c327dfd2 av_four_fifth  avia-builder-el-32  el_after_av_one_fifth  avia-builder-el-last  flex_column_div  column-top-margin'     ><section  class='av_textblock_section av-looclgx7-86333f341f963bc4801ca428f264dd38 '   itemscope=\"itemscope\" itemtype=\"https:\/\/schema.org\/BlogPosting\" itemprop=\"blogPost\" ><div class='avia_textblock'  itemprop=\"text\" ><p><strong>Chlo\u00e9 d&rsquo;Avatacar<\/strong><br \/>\nPassionn\u00e9e par le monde automobile, Chlo\u00e9 partage avec vous les principales actus auto, toutes les nouvelles informations qui peuvent toucher de pr\u00e8s ou de loin les conducteurs et des articles d\u00e9di\u00e9s \u00e0 l&rsquo;entretien de votre voiture pour apprendre de mani\u00e8re simple son fonctionnement ! Bonne lecture ?<\/p>\n<\/div><\/section><\/div>\n\n","protected":false},"excerpt":{"rendered":"<p>Les barres de toit sont indispensables \u00e0 votre automobile lorsqu\u2019il s\u2019agit d\u2019acqu\u00e9rir un espace de stockage suppl\u00e9mentaire. Trouvez les v\u00f4tres sur Avatacar.<\/p>\n","protected":false},"author":3,"featured_media":9272,"comment_status":"open","ping_status":"closed","sticky":false,"template":"","format":"standard","meta":{"footnotes":""},"categories":[4],"tags":[],"class_list":["post-8736","post","type-post","status-publish","format-standard","has-post-thumbnail","hentry","category-equipement-auto"],"yoast_head":"<!-- This site is optimized with the Yoast SEO plugin v27.4 - https:\/\/yoast.com\/product\/yoast-seo-wordpress\/ -->\n<title>Tout savoir sur les barres de toit<\/title>\n<meta name=\"description\" content=\"Les barres de toit sont indispensables \u00e0 votre automobile lorsqu\u2019il s\u2019agit d\u2019acqu\u00e9rir un espace de stockage suppl\u00e9mentaire. Trouvez les v\u00f4tres sur Avatacar.\" \/>\n<meta name=\"robots\" content=\"index, follow, max-snippet:-1, max-image-preview:large, max-video-preview:-1\" \/>\n<link rel=\"canonical\" href=\"https:\/\/www.avatacar.com\/blog\/equipement-auto\/tout-savoir-sur-les-barres-de-toit\/\" \/>\n<meta property=\"og:locale\" content=\"fr_FR\" \/>\n<meta property=\"og:type\" content=\"article\" \/>\n<meta property=\"og:title\" content=\"Tout savoir sur les barres de toit\" \/>\n<meta property=\"og:description\" content=\"Les barres de toit sont indispensables \u00e0 votre automobile lorsqu\u2019il s\u2019agit d\u2019acqu\u00e9rir un espace de stockage suppl\u00e9mentaire. Trouvez les v\u00f4tres sur Avatacar.\" \/>\n<meta property=\"og:url\" content=\"https:\/\/www.avatacar.com\/blog\/equipement-auto\/tout-savoir-sur-les-barres-de-toit\/\" \/>\n<meta property=\"og:site_name\" content=\"Blog Avatacar\" \/>\n<meta property=\"article:publisher\" content=\"https:\/\/www.facebook.com\/Avatacar\" \/>\n<meta property=\"article:published_time\" content=\"2024-04-23T07:00:20+00:00\" \/>\n<meta property=\"article:modified_time\" content=\"2026-04-09T11:44:06+00:00\" \/>\n<meta property=\"og:image\" content=\"https:\/\/www.avatacar.com\/blog\/app\/uploads\/2021\/08\/Barres-de-toit-tout-savoir.png\" \/>\n\t<meta property=\"og:image:width\" content=\"1200\" \/>\n\t<meta property=\"og:image:height\" content=\"630\" \/>\n\t<meta property=\"og:image:type\" content=\"image\/png\" \/>\n<meta name=\"author\" content=\"Chlo\u00e9 d&#039;Avatacar\" \/>\n<meta name=\"twitter:card\" content=\"summary_large_image\" \/>\n<meta name=\"twitter:title\" content=\"Tout savoir sur les barres de toit\" \/>\n<meta name=\"twitter:description\" content=\"Les barres de toit sont indispensables \u00e0 votre automobile lorsqu\u2019il s\u2019agit d\u2019acqu\u00e9rir un espace de stockage suppl\u00e9mentaire. Trouvez les v\u00f4tres sur Avatacar.\" \/>\n<meta name=\"twitter:image\" content=\"https:\/\/www.avatacar.com\/blog\/app\/uploads\/2021\/08\/Barres-de-toit-tout-savoir-2.png\" \/>\n<meta name=\"twitter:creator\" content=\"@avatacar\" \/>\n<meta name=\"twitter:site\" content=\"@avatacar\" \/>\n<meta name=\"twitter:label1\" content=\"\u00c9crit par\" \/>\n\t<meta name=\"twitter:data1\" content=\"Chlo\u00e9 d&#039;Avatacar\" \/>\n\t<meta name=\"twitter:label2\" content=\"Dur\u00e9e de lecture estim\u00e9e\" \/>\n\t<meta name=\"twitter:data2\" content=\"5 minutes\" \/>\n<script type=\"application\/ld+json\" class=\"yoast-schema-graph\">{\"@context\":\"https:\\\/\\\/schema.org\",\"@graph\":[{\"@type\":\"Article\",\"@id\":\"https:\\\/\\\/www.avatacar.com\\\/blog\\\/equipement-auto\\\/tout-savoir-sur-les-barres-de-toit\\\/#article\",\"isPartOf\":{\"@id\":\"https:\\\/\\\/www.avatacar.com\\\/blog\\\/equipement-auto\\\/tout-savoir-sur-les-barres-de-toit\\\/\"},\"author\":{\"name\":\"Chlo\u00e9 d'Avatacar\",\"@id\":\"https:\\\/\\\/www.avatacar.com\\\/blog\\\/#\\\/schema\\\/person\\\/1ad08c36bf2f723a7f4e62401e91b914\"},\"headline\":\"Tout savoir sur les barres de toit\",\"datePublished\":\"2024-04-23T07:00:20+00:00\",\"dateModified\":\"2026-04-09T11:44:06+00:00\",\"mainEntityOfPage\":{\"@id\":\"https:\\\/\\\/www.avatacar.com\\\/blog\\\/equipement-auto\\\/tout-savoir-sur-les-barres-de-toit\\\/\"},\"wordCount\":5663,\"commentCount\":0,\"publisher\":{\"@id\":\"https:\\\/\\\/www.avatacar.com\\\/blog\\\/#organization\"},\"image\":{\"@id\":\"https:\\\/\\\/www.avatacar.com\\\/blog\\\/equipement-auto\\\/tout-savoir-sur-les-barres-de-toit\\\/#primaryimage\"},\"thumbnailUrl\":\"https:\\\/\\\/www.avatacar.com\\\/blog\\\/app\\\/uploads\\\/2021\\\/08\\\/786x463.jpg\",\"articleSection\":[\"\u00c9quipement Auto\"],\"inLanguage\":\"fr-FR\",\"potentialAction\":[{\"@type\":\"CommentAction\",\"name\":\"Comment\",\"target\":[\"https:\\\/\\\/www.avatacar.com\\\/blog\\\/equipement-auto\\\/tout-savoir-sur-les-barres-de-toit\\\/#respond\"]}]},{\"@type\":\"WebPage\",\"@id\":\"https:\\\/\\\/www.avatacar.com\\\/blog\\\/equipement-auto\\\/tout-savoir-sur-les-barres-de-toit\\\/\",\"url\":\"https:\\\/\\\/www.avatacar.com\\\/blog\\\/equipement-auto\\\/tout-savoir-sur-les-barres-de-toit\\\/\",\"name\":\"Tout savoir sur les barres de toit\",\"isPartOf\":{\"@id\":\"https:\\\/\\\/www.avatacar.com\\\/blog\\\/#website\"},\"primaryImageOfPage\":{\"@id\":\"https:\\\/\\\/www.avatacar.com\\\/blog\\\/equipement-auto\\\/tout-savoir-sur-les-barres-de-toit\\\/#primaryimage\"},\"image\":{\"@id\":\"https:\\\/\\\/www.avatacar.com\\\/blog\\\/equipement-auto\\\/tout-savoir-sur-les-barres-de-toit\\\/#primaryimage\"},\"thumbnailUrl\":\"https:\\\/\\\/www.avatacar.com\\\/blog\\\/app\\\/uploads\\\/2021\\\/08\\\/786x463.jpg\",\"datePublished\":\"2024-04-23T07:00:20+00:00\",\"dateModified\":\"2026-04-09T11:44:06+00:00\",\"description\":\"Les barres de toit sont indispensables \u00e0 votre automobile lorsqu\u2019il s\u2019agit d\u2019acqu\u00e9rir un espace de stockage suppl\u00e9mentaire. Trouvez les v\u00f4tres sur Avatacar.\",\"breadcrumb\":{\"@id\":\"https:\\\/\\\/www.avatacar.com\\\/blog\\\/equipement-auto\\\/tout-savoir-sur-les-barres-de-toit\\\/#breadcrumb\"},\"inLanguage\":\"fr-FR\",\"potentialAction\":[{\"@type\":\"ReadAction\",\"target\":[\"https:\\\/\\\/www.avatacar.com\\\/blog\\\/equipement-auto\\\/tout-savoir-sur-les-barres-de-toit\\\/\"]}]},{\"@type\":\"ImageObject\",\"inLanguage\":\"fr-FR\",\"@id\":\"https:\\\/\\\/www.avatacar.com\\\/blog\\\/equipement-auto\\\/tout-savoir-sur-les-barres-de-toit\\\/#primaryimage\",\"url\":\"https:\\\/\\\/www.avatacar.com\\\/blog\\\/app\\\/uploads\\\/2021\\\/08\\\/786x463.jpg\",\"contentUrl\":\"https:\\\/\\\/www.avatacar.com\\\/blog\\\/app\\\/uploads\\\/2021\\\/08\\\/786x463.jpg\",\"width\":786,\"height\":463},{\"@type\":\"BreadcrumbList\",\"@id\":\"https:\\\/\\\/www.avatacar.com\\\/blog\\\/equipement-auto\\\/tout-savoir-sur-les-barres-de-toit\\\/#breadcrumb\",\"itemListElement\":[{\"@type\":\"ListItem\",\"position\":1,\"name\":\"Accueil\",\"item\":\"https:\\\/\\\/www.avatacar.com\\\/blog\\\/home\\\/\"},{\"@type\":\"ListItem\",\"position\":2,\"name\":\"\u00c9quipement Auto\",\"item\":\"https:\\\/\\\/www.avatacar.com\\\/blog\\\/category\\\/equipement-auto\\\/\"},{\"@type\":\"ListItem\",\"position\":3,\"name\":\"Tout savoir sur les barres de toit\"}]},{\"@type\":\"WebSite\",\"@id\":\"https:\\\/\\\/www.avatacar.com\\\/blog\\\/#website\",\"url\":\"https:\\\/\\\/www.avatacar.com\\\/blog\\\/\",\"name\":\"Blog Avatacar\",\"description\":\"Les garages proches de vous\",\"publisher\":{\"@id\":\"https:\\\/\\\/www.avatacar.com\\\/blog\\\/#organization\"},\"potentialAction\":[{\"@type\":\"SearchAction\",\"target\":{\"@type\":\"EntryPoint\",\"urlTemplate\":\"https:\\\/\\\/www.avatacar.com\\\/blog\\\/?s={search_term_string}\"},\"query-input\":{\"@type\":\"PropertyValueSpecification\",\"valueRequired\":true,\"valueName\":\"search_term_string\"}}],\"inLanguage\":\"fr-FR\"},{\"@type\":\"Organization\",\"@id\":\"https:\\\/\\\/www.avatacar.com\\\/blog\\\/#organization\",\"name\":\"Avatacar\",\"url\":\"https:\\\/\\\/www.avatacar.com\\\/blog\\\/\",\"logo\":{\"@type\":\"ImageObject\",\"inLanguage\":\"fr-FR\",\"@id\":\"https:\\\/\\\/www.avatacar.com\\\/blog\\\/#\\\/schema\\\/logo\\\/image\\\/\",\"url\":\"https:\\\/\\\/www.avatacar.com\\\/blog\\\/app\\\/uploads\\\/2026\\\/03\\\/LogoAvatacar2024.jpg\",\"contentUrl\":\"https:\\\/\\\/www.avatacar.com\\\/blog\\\/app\\\/uploads\\\/2026\\\/03\\\/LogoAvatacar2024.jpg\",\"width\":1452,\"height\":613,\"caption\":\"Avatacar\"},\"image\":{\"@id\":\"https:\\\/\\\/www.avatacar.com\\\/blog\\\/#\\\/schema\\\/logo\\\/image\\\/\"},\"sameAs\":[\"https:\\\/\\\/www.facebook.com\\\/Avatacar\",\"https:\\\/\\\/x.com\\\/avatacar\",\"https:\\\/\\\/www.instagram.com\\\/avatacar\\\/\"]},{\"@type\":\"Person\",\"@id\":\"https:\\\/\\\/www.avatacar.com\\\/blog\\\/#\\\/schema\\\/person\\\/1ad08c36bf2f723a7f4e62401e91b914\",\"name\":\"Chlo\u00e9 d'Avatacar\",\"image\":{\"@type\":\"ImageObject\",\"inLanguage\":\"fr-FR\",\"@id\":\"https:\\\/\\\/secure.gravatar.com\\\/avatar\\\/cddaacc7de2f6034a370fcaeab7780a121e734def73f55a81f621c02b5d29252?s=96&d=blank&r=g\",\"url\":\"https:\\\/\\\/secure.gravatar.com\\\/avatar\\\/cddaacc7de2f6034a370fcaeab7780a121e734def73f55a81f621c02b5d29252?s=96&d=blank&r=g\",\"contentUrl\":\"https:\\\/\\\/secure.gravatar.com\\\/avatar\\\/cddaacc7de2f6034a370fcaeab7780a121e734def73f55a81f621c02b5d29252?s=96&d=blank&r=g\",\"caption\":\"Chlo\u00e9 d'Avatacar\"},\"description\":\"Passionn\u00e9e par le monde automobile, Chlo\u00e9 partage avec vous les principales actus auto, toutes les nouvelles informations qui peuvent toucher de pr\u00e8s ou de loin les conducteurs et des articles d\u00e9di\u00e9s \u00e0 l'entretien de votre voiture pour apprendre de mani\u00e8re simple son fonctionnement ! Bonne lecture ;)\"}]}<\/script>\n<!-- \/ Yoast SEO plugin. -->","yoast_head_json":{"title":"Tout savoir sur les barres de toit","description":"Les barres de toit sont indispensables \u00e0 votre automobile lorsqu\u2019il s\u2019agit d\u2019acqu\u00e9rir un espace de stockage suppl\u00e9mentaire. Trouvez les v\u00f4tres sur Avatacar.","robots":{"index":"index","follow":"follow","max-snippet":"max-snippet:-1","max-image-preview":"max-image-preview:large","max-video-preview":"max-video-preview:-1"},"canonical":"https:\/\/www.avatacar.com\/blog\/equipement-auto\/tout-savoir-sur-les-barres-de-toit\/","og_locale":"fr_FR","og_type":"article","og_title":"Tout savoir sur les barres de toit","og_description":"Les barres de toit sont indispensables \u00e0 votre automobile lorsqu\u2019il s\u2019agit d\u2019acqu\u00e9rir un espace de stockage suppl\u00e9mentaire. Trouvez les v\u00f4tres sur Avatacar.","og_url":"https:\/\/www.avatacar.com\/blog\/equipement-auto\/tout-savoir-sur-les-barres-de-toit\/","og_site_name":"Blog Avatacar","article_publisher":"https:\/\/www.facebook.com\/Avatacar","article_published_time":"2024-04-23T07:00:20+00:00","article_modified_time":"2026-04-09T11:44:06+00:00","og_image":[{"width":1200,"height":630,"url":"https:\/\/www.avatacar.com\/blog\/app\/uploads\/2021\/08\/Barres-de-toit-tout-savoir.png","type":"image\/png"}],"author":"Chlo\u00e9 d'Avatacar","twitter_card":"summary_large_image","twitter_title":"Tout savoir sur les barres de toit","twitter_description":"Les barres de toit sont indispensables \u00e0 votre automobile lorsqu\u2019il s\u2019agit d\u2019acqu\u00e9rir un espace de stockage suppl\u00e9mentaire. Trouvez les v\u00f4tres sur Avatacar.","twitter_image":"https:\/\/www.avatacar.com\/blog\/app\/uploads\/2021\/08\/Barres-de-toit-tout-savoir-2.png","twitter_creator":"@avatacar","twitter_site":"@avatacar","twitter_misc":{"\u00c9crit par":"Chlo\u00e9 d'Avatacar","Dur\u00e9e de lecture estim\u00e9e":"5 minutes"},"schema":{"@context":"https:\/\/schema.org","@graph":[{"@type":"Article","@id":"https:\/\/www.avatacar.com\/blog\/equipement-auto\/tout-savoir-sur-les-barres-de-toit\/#article","isPartOf":{"@id":"https:\/\/www.avatacar.com\/blog\/equipement-auto\/tout-savoir-sur-les-barres-de-toit\/"},"author":{"name":"Chlo\u00e9 d'Avatacar","@id":"https:\/\/www.avatacar.com\/blog\/#\/schema\/person\/1ad08c36bf2f723a7f4e62401e91b914"},"headline":"Tout savoir sur les barres de toit","datePublished":"2024-04-23T07:00:20+00:00","dateModified":"2026-04-09T11:44:06+00:00","mainEntityOfPage":{"@id":"https:\/\/www.avatacar.com\/blog\/equipement-auto\/tout-savoir-sur-les-barres-de-toit\/"},"wordCount":5663,"commentCount":0,"publisher":{"@id":"https:\/\/www.avatacar.com\/blog\/#organization"},"image":{"@id":"https:\/\/www.avatacar.com\/blog\/equipement-auto\/tout-savoir-sur-les-barres-de-toit\/#primaryimage"},"thumbnailUrl":"https:\/\/www.avatacar.com\/blog\/app\/uploads\/2021\/08\/786x463.jpg","articleSection":["\u00c9quipement Auto"],"inLanguage":"fr-FR","potentialAction":[{"@type":"CommentAction","name":"Comment","target":["https:\/\/www.avatacar.com\/blog\/equipement-auto\/tout-savoir-sur-les-barres-de-toit\/#respond"]}]},{"@type":"WebPage","@id":"https:\/\/www.avatacar.com\/blog\/equipement-auto\/tout-savoir-sur-les-barres-de-toit\/","url":"https:\/\/www.avatacar.com\/blog\/equipement-auto\/tout-savoir-sur-les-barres-de-toit\/","name":"Tout savoir sur les barres de toit","isPartOf":{"@id":"https:\/\/www.avatacar.com\/blog\/#website"},"primaryImageOfPage":{"@id":"https:\/\/www.avatacar.com\/blog\/equipement-auto\/tout-savoir-sur-les-barres-de-toit\/#primaryimage"},"image":{"@id":"https:\/\/www.avatacar.com\/blog\/equipement-auto\/tout-savoir-sur-les-barres-de-toit\/#primaryimage"},"thumbnailUrl":"https:\/\/www.avatacar.com\/blog\/app\/uploads\/2021\/08\/786x463.jpg","datePublished":"2024-04-23T07:00:20+00:00","dateModified":"2026-04-09T11:44:06+00:00","description":"Les barres de toit sont indispensables \u00e0 votre automobile lorsqu\u2019il s\u2019agit d\u2019acqu\u00e9rir un espace de stockage suppl\u00e9mentaire. Trouvez les v\u00f4tres sur Avatacar.","breadcrumb":{"@id":"https:\/\/www.avatacar.com\/blog\/equipement-auto\/tout-savoir-sur-les-barres-de-toit\/#breadcrumb"},"inLanguage":"fr-FR","potentialAction":[{"@type":"ReadAction","target":["https:\/\/www.avatacar.com\/blog\/equipement-auto\/tout-savoir-sur-les-barres-de-toit\/"]}]},{"@type":"ImageObject","inLanguage":"fr-FR","@id":"https:\/\/www.avatacar.com\/blog\/equipement-auto\/tout-savoir-sur-les-barres-de-toit\/#primaryimage","url":"https:\/\/www.avatacar.com\/blog\/app\/uploads\/2021\/08\/786x463.jpg","contentUrl":"https:\/\/www.avatacar.com\/blog\/app\/uploads\/2021\/08\/786x463.jpg","width":786,"height":463},{"@type":"BreadcrumbList","@id":"https:\/\/www.avatacar.com\/blog\/equipement-auto\/tout-savoir-sur-les-barres-de-toit\/#breadcrumb","itemListElement":[{"@type":"ListItem","position":1,"name":"Accueil","item":"https:\/\/www.avatacar.com\/blog\/home\/"},{"@type":"ListItem","position":2,"name":"\u00c9quipement Auto","item":"https:\/\/www.avatacar.com\/blog\/category\/equipement-auto\/"},{"@type":"ListItem","position":3,"name":"Tout savoir sur les barres de toit"}]},{"@type":"WebSite","@id":"https:\/\/www.avatacar.com\/blog\/#website","url":"https:\/\/www.avatacar.com\/blog\/","name":"Blog Avatacar","description":"Les garages proches de vous","publisher":{"@id":"https:\/\/www.avatacar.com\/blog\/#organization"},"potentialAction":[{"@type":"SearchAction","target":{"@type":"EntryPoint","urlTemplate":"https:\/\/www.avatacar.com\/blog\/?s={search_term_string}"},"query-input":{"@type":"PropertyValueSpecification","valueRequired":true,"valueName":"search_term_string"}}],"inLanguage":"fr-FR"},{"@type":"Organization","@id":"https:\/\/www.avatacar.com\/blog\/#organization","name":"Avatacar","url":"https:\/\/www.avatacar.com\/blog\/","logo":{"@type":"ImageObject","inLanguage":"fr-FR","@id":"https:\/\/www.avatacar.com\/blog\/#\/schema\/logo\/image\/","url":"https:\/\/www.avatacar.com\/blog\/app\/uploads\/2026\/03\/LogoAvatacar2024.jpg","contentUrl":"https:\/\/www.avatacar.com\/blog\/app\/uploads\/2026\/03\/LogoAvatacar2024.jpg","width":1452,"height":613,"caption":"Avatacar"},"image":{"@id":"https:\/\/www.avatacar.com\/blog\/#\/schema\/logo\/image\/"},"sameAs":["https:\/\/www.facebook.com\/Avatacar","https:\/\/x.com\/avatacar","https:\/\/www.instagram.com\/avatacar\/"]},{"@type":"Person","@id":"https:\/\/www.avatacar.com\/blog\/#\/schema\/person\/1ad08c36bf2f723a7f4e62401e91b914","name":"Chlo\u00e9 d'Avatacar","image":{"@type":"ImageObject","inLanguage":"fr-FR","@id":"https:\/\/secure.gravatar.com\/avatar\/cddaacc7de2f6034a370fcaeab7780a121e734def73f55a81f621c02b5d29252?s=96&d=blank&r=g","url":"https:\/\/secure.gravatar.com\/avatar\/cddaacc7de2f6034a370fcaeab7780a121e734def73f55a81f621c02b5d29252?s=96&d=blank&r=g","contentUrl":"https:\/\/secure.gravatar.com\/avatar\/cddaacc7de2f6034a370fcaeab7780a121e734def73f55a81f621c02b5d29252?s=96&d=blank&r=g","caption":"Chlo\u00e9 d'Avatacar"},"description":"Passionn\u00e9e par le monde automobile, Chlo\u00e9 partage avec vous les principales actus auto, toutes les nouvelles informations qui peuvent toucher de pr\u00e8s ou de loin les conducteurs et des articles d\u00e9di\u00e9s \u00e0 l'entretien de votre voiture pour apprendre de mani\u00e8re simple son fonctionnement ! Bonne lecture ;)"}]}},"_links":{"self":[{"href":"https:\/\/www.avatacar.com\/blog\/wp-json\/wp\/v2\/posts\/8736","targetHints":{"allow":["GET"]}}],"collection":[{"href":"https:\/\/www.avatacar.com\/blog\/wp-json\/wp\/v2\/posts"}],"about":[{"href":"https:\/\/www.avatacar.com\/blog\/wp-json\/wp\/v2\/types\/post"}],"author":[{"embeddable":true,"href":"https:\/\/www.avatacar.com\/blog\/wp-json\/wp\/v2\/users\/3"}],"replies":[{"embeddable":true,"href":"https:\/\/www.avatacar.com\/blog\/wp-json\/wp\/v2\/comments?post=8736"}],"version-history":[{"count":41,"href":"https:\/\/www.avatacar.com\/blog\/wp-json\/wp\/v2\/posts\/8736\/revisions"}],"predecessor-version":[{"id":22975,"href":"https:\/\/www.avatacar.com\/blog\/wp-json\/wp\/v2\/posts\/8736\/revisions\/22975"}],"wp:featuredmedia":[{"embeddable":true,"href":"https:\/\/www.avatacar.com\/blog\/wp-json\/wp\/v2\/media\/9272"}],"wp:attachment":[{"href":"https:\/\/www.avatacar.com\/blog\/wp-json\/wp\/v2\/media?parent=8736"}],"wp:term":[{"taxonomy":"category","embeddable":true,"href":"https:\/\/www.avatacar.com\/blog\/wp-json\/wp\/v2\/categories?post=8736"},{"taxonomy":"post_tag","embeddable":true,"href":"https:\/\/www.avatacar.com\/blog\/wp-json\/wp\/v2\/tags?post=8736"}],"curies":[{"name":"wp","href":"https:\/\/api.w.org\/{rel}","templated":true}]}}